{"id":188387,"date":"2021-06-14T08:09:05","date_gmt":"2021-06-14T06:09:05","guid":{"rendered":"https:\/\/zjarr.tv\/?p=188387"},"modified":"2021-06-14T08:09:05","modified_gmt":"2021-06-14T06:09:05","slug":"zaev-paralajmeron-terheqjen-nga-posti-i-kryeministrit-nje-kryeminister-ne-funksion-duhet-te-qendroje-te-pakten-dy-mandate-ne-te-kunderten-ekziston-rreziku-qe-te-behet-autokrat","status":"publish","type":"post","link":"https:\/\/zjarr.tv\/sq\/zaev-paralajmeron-terheqjen-nga-posti-i-kryeministrit-nje-kryeminister-ne-funksion-duhet-te-qendroje-te-pakten-dy-mandate-ne-te-kunderten-ekziston-rreziku-qe-te-behet-autokrat\/","title":{"rendered":"Zaev paralajm\u00ebron t\u00ebrheqjen nga posti i Kryeministrit: Nj\u00eb Kryeminist\u00ebr n\u00eb funksion duhet t\u00eb q\u00ebndroj\u00eb t\u00eb pakt\u00ebn dy mandate, n\u00eb t\u00eb kund\u00ebrt\u00ebn, ekziston rreziku q\u00eb t\u00eb b\u00ebhet autokrat\u2026"},"content":{"rendered":"<p>Kryeministri i Maqedonis\u00eb s\u00eb Veriut, Zoran Zaev, ka paralajm\u00ebruar nj\u00eb t\u00ebrheqje t\u00eb mundshme nga politika. Lajmi \u00ebsht\u00eb publikuar nga mediat serbe Kurir, ku gjat\u00eb nj\u00eb interviste, Zaev ka th\u00ebn\u00eb se pas tre viteve, do t\u00eb t\u00ebrhiqet nga politika.<\/p>\n<p>Sipas asaj q\u00eb Zaev ka th\u00ebn\u00eb n\u00eb k\u00ebt\u00eb intervist\u00eb, nj\u00eb Kryeminist\u00ebr n\u00eb funksion duhet t\u00eb q\u00ebndroj\u00eb t\u00eb pakt\u00ebn dy mandate, n\u00eb t\u00eb kund\u00ebrt\u00ebn sipas tij, ekziston rreziku q\u00eb Kryeministri t\u00eb b\u00ebhet autokrat.<\/p>\n<p>\u201cP\u00ebr \u00e7dok\u00ebnd ajo \u00ebsht\u00eb rrezik, posa\u00e7\u00ebrisht n\u00eb Ballkan. \u00cbsht\u00eb e sh\u00ebndetshme t\u00eb vijn\u00eb njer\u00ebz t\u00eb rinj. Tani jam n\u00eb mandatin e dyt\u00eb, i cili duhet t\u00eb p\u00ebrfundoj\u00eb n\u00eb vitin 2024 dhe besoj se at\u00ebher\u00eb edhe do ta p\u00ebrfundoj\u00eb karrier\u00ebn politike. Do t\u00eb kthehem n\u00eb kompanin\u00eb ton\u00eb, p\u00ebrs\u00ebri do t\u00eb punoj\u00eb n\u00eb m\u00ebnyr\u00eb komerciale. Politika \u00ebsht\u00eb si nj\u00eb ves. \u00cbsht\u00eb e v\u00ebshtir\u00eb t\u00eb hysh dhe t\u00eb dal\u00ebsh. Po, megjithat\u00eb, \u00ebsht\u00eb nder i madh t\u00eb jesh Kryeminist\u00ebr i vendit t\u00ebnd\u201d, ka th\u00ebn\u00eb Zaev.<\/p>\n<p>&nbsp;<\/p>\n","protected":false},"excerpt":{"rendered":"<p>Kryeministri i Maqedonis\u00eb s\u00eb Veriut, Zoran Zaev, ka paralajm\u00ebruar nj\u00eb t\u00ebrheqje t\u00eb mundshme nga politika. Lajmi \u00ebsht\u00eb publikuar nga mediat serbe Kurir, ku gjat\u00eb nj\u00eb interviste, Zaev ka th\u00ebn\u00eb se pas tre viteve, do t\u00eb t\u00ebrhiqet nga politika. Sipas asaj q\u00eb Zaev ka th\u00ebn\u00eb n\u00eb k\u00ebt\u00eb intervist\u00eb, nj\u00eb Kryeminist\u00ebr n\u00eb funksion duhet t\u00eb q\u00ebndroj\u00eb t\u00eb [&hellip;]<\/p>\n","protected":false},"author":2016,"featured_media":188389,"comment_status":"closed","ping_status":"closed","sticky":false,"template":"","format":"standard","meta":{"footnotes":""},"categories":[241,1454,2],"tags":[3776],"class_list":{"0":"post-188387","1":"post","2":"type-post","3":"status-publish","4":"format-standard","5":"has-post-thumbnail","7":"category-aktualitet","8":"category-politike","9":"category-rajoni","10":"tag-lajme-zjarr-zaev-paralajmeron-terheqjen-zjarr-tv"},"_links":{"self":[{"href":"https:\/\/zjarr.tv\/sq\/wp-json\/wp\/v2\/posts\/188387","targetHints":{"allow":["GET"]}}],"collection":[{"href":"https:\/\/zjarr.tv\/sq\/wp-json\/wp\/v2\/posts"}],"about":[{"href":"https:\/\/zjarr.tv\/sq\/wp-json\/wp\/v2\/types\/post"}],"author":[{"embeddable":true,"href":"https:\/\/zjarr.tv\/sq\/wp-json\/wp\/v2\/users\/2016"}],"replies":[{"embeddable":true,"href":"https:\/\/zjarr.tv\/sq\/wp-json\/wp\/v2\/comments?post=188387"}],"version-history":[{"count":0,"href":"https:\/\/zjarr.tv\/sq\/wp-json\/wp\/v2\/posts\/188387\/revisions"}],"wp:featuredmedia":[{"embeddable":true,"href":"https:\/\/zjarr.tv\/sq\/wp-json\/wp\/v2\/media\/188389"}],"wp:attachment":[{"href":"https:\/\/zjarr.tv\/sq\/wp-json\/wp\/v2\/media?parent=188387"}],"wp:term":[{"taxonomy":"category","embeddable":true,"href":"https:\/\/zjarr.tv\/sq\/wp-json\/wp\/v2\/categories?post=188387"},{"taxonomy":"post_tag","embeddable":true,"href":"https:\/\/zjarr.tv\/sq\/wp-json\/wp\/v2\/tags?post=188387"}],"curies":[{"name":"wp","href":"https:\/\/api.w.org\/{rel}","templated":true}]}}