{"id":188432,"date":"2021-06-14T11:15:03","date_gmt":"2021-06-14T09:15:03","guid":{"rendered":"https:\/\/zjarr.tv\/?p=188432"},"modified":"2021-06-14T11:15:03","modified_gmt":"2021-06-14T09:15:03","slug":"imami-habit-me-ate-qe-thote-sa-te-shpifura-jane-grate-te-cilat-nuk-postojne-foto-me","status":"publish","type":"post","link":"https:\/\/zjarr.tv\/sq\/imami-habit-me-ate-qe-thote-sa-te-shpifura-jane-grate-te-cilat-nuk-postojne-foto-me\/","title":{"rendered":"Imami habit me at\u00eb q\u00eb thot\u00eb: Sa t\u00eb shpifura jan\u00eb grat\u00eb t\u00eb cilat nuk postojn\u00eb foto me\u2026"},"content":{"rendered":"<p>Imami Husamedin Abazi, ka b\u00ebr\u00eb nj\u00eb postim kontrovers n\u00eb rrjetin social Facebook.<br \/>\nHoxha nga Prishtina, i ka habitur t\u00eb gjith\u00eb me postimin q\u00eb ka shp\u00ebrndar\u00eb n\u00eb rrjetet sociale, ku ka th\u00ebn\u00eb se jan\u00eb t\u00eb shpifura bashk\u00ebshortet q\u00eb postojn\u00eb foto me familjen e tyre, por q\u00eb nuk postojn\u00eb foto me familjen e burrit.<\/p>\n<p><em>\u201cSa t\u00eb shpifura jan\u00eb bashk\u00ebshortet t\u00eb cilat me dhjet\u00ebra her\u00eb postojn\u00eb foto me prind\u00ebrit, motrat, dhe v\u00ebllez\u00ebrit e tyre, e nuk e postojne qoft\u00eb nj\u00eb foto me bashk\u00ebshortin, prind\u00ebrit dhe motrat e tij! Phiii\u201d<\/em>, ka shkruar Hoxh\u00eb Husamedin Abazi.<\/p>\n","protected":false},"excerpt":{"rendered":"<p>Imami Husamedin Abazi, ka b\u00ebr\u00eb nj\u00eb postim kontrovers n\u00eb rrjetin social Facebook. Hoxha nga Prishtina, i ka habitur t\u00eb gjith\u00eb me postimin q\u00eb ka shp\u00ebrndar\u00eb n\u00eb rrjetet sociale, ku ka th\u00ebn\u00eb se jan\u00eb t\u00eb shpifura bashk\u00ebshortet q\u00eb postojn\u00eb foto me familjen e tyre, por q\u00eb nuk postojn\u00eb foto me familjen e burrit. \u201cSa t\u00eb shpifura [&hellip;]<\/p>\n","protected":false},"author":2016,"featured_media":188434,"comment_status":"closed","ping_status":"closed","sticky":false,"template":"","format":"standard","meta":{"footnotes":""},"categories":[2],"tags":[3787],"class_list":{"0":"post-188432","1":"post","2":"type-post","3":"status-publish","4":"format-standard","5":"has-post-thumbnail","7":"category-rajoni","8":"tag-lajme-zjarr-imami-habit-me-ate-qe-thote-zjarr-tv"},"_links":{"self":[{"href":"https:\/\/zjarr.tv\/sq\/wp-json\/wp\/v2\/posts\/188432","targetHints":{"allow":["GET"]}}],"collection":[{"href":"https:\/\/zjarr.tv\/sq\/wp-json\/wp\/v2\/posts"}],"about":[{"href":"https:\/\/zjarr.tv\/sq\/wp-json\/wp\/v2\/types\/post"}],"author":[{"embeddable":true,"href":"https:\/\/zjarr.tv\/sq\/wp-json\/wp\/v2\/users\/2016"}],"replies":[{"embeddable":true,"href":"https:\/\/zjarr.tv\/sq\/wp-json\/wp\/v2\/comments?post=188432"}],"version-history":[{"count":0,"href":"https:\/\/zjarr.tv\/sq\/wp-json\/wp\/v2\/posts\/188432\/revisions"}],"wp:featuredmedia":[{"embeddable":true,"href":"https:\/\/zjarr.tv\/sq\/wp-json\/wp\/v2\/media\/188434"}],"wp:attachment":[{"href":"https:\/\/zjarr.tv\/sq\/wp-json\/wp\/v2\/media?parent=188432"}],"wp:term":[{"taxonomy":"category","embeddable":true,"href":"https:\/\/zjarr.tv\/sq\/wp-json\/wp\/v2\/categories?post=188432"},{"taxonomy":"post_tag","embeddable":true,"href":"https:\/\/zjarr.tv\/sq\/wp-json\/wp\/v2\/tags?post=188432"}],"curies":[{"name":"wp","href":"https:\/\/api.w.org\/{rel}","templated":true}]}}