{"id":188611,"date":"2021-06-15T07:35:54","date_gmt":"2021-06-15T05:35:54","guid":{"rendered":"https:\/\/zjarr.tv\/?p=188611"},"modified":"2021-06-15T07:35:54","modified_gmt":"2021-06-15T05:35:54","slug":"a-do-e-mundte-ramen-nese-do-ishte-ne-krye-te-pd-se-pergjigjet-berisha-bashes-i-uroj-120-vite-une-nuk-jam-me","status":"publish","type":"post","link":"https:\/\/zjarr.tv\/sq\/a-do-e-mundte-ramen-nese-do-ishte-ne-krye-te-pd-se-pergjigjet-berisha-bashes-i-uroj-120-vite-une-nuk-jam-me\/","title":{"rendered":"A do e mundte Ram\u00ebn n\u00ebse do ishte n\u00eb krye t\u00eb PD-s\u00eb? P\u00ebrgjigjet Berisha: Bash\u00ebs i uroj 120 vite, un\u00eb nuk jam me\u2026"},"content":{"rendered":"<p style=\"margin-top: 0in; background: white;\"><span style=\"color: #212529;\">Pas votimit p\u00ebr kreun e PD-s\u00eb, ish-kryeministri Sali Berisha, \u00ebsht\u00eb pyetur n\u00ebse do e mundte dot Ram\u00ebn, n\u00ebse do ishte n\u00eb krye t\u00eb Partis\u00eb.<\/span><\/p>\n<p style=\"margin-top: 0in; background: white; box-sizing: border-box; margin-bottom: 1rem; font-variant-ligatures: normal; font-variant-caps: normal; orphans: 2; widows: 2; -webkit-text-stroke-width: 0px; text-decoration-thickness: initial; text-decoration-style: initial; text-decoration-color: initial; word-spacing: 0px;\"><span style=\"color: #212529;\">Berisha \u00ebsht\u00eb shprehur p\u00ebr \u201cKlan\u201d se nuk i p\u00eblqen t\u00eb flas\u00eb me \u201cn\u00ebse\u201d, nd\u00ebrsa i ka uruar dit\u00eblindjen kryedemokratit Lulzim Basha, q\u00eb festoi dit\u00eblindjen nj\u00eb dit\u00eb para Zgjedhjeve.<\/span><\/p>\n<p style=\"margin-top: 0in; background: white; box-sizing: border-box; margin-bottom: 1rem; font-variant-ligatures: normal; font-variant-caps: normal; orphans: 2; widows: 2; -webkit-text-stroke-width: 0px; text-decoration-thickness: initial; text-decoration-style: initial; text-decoration-color: initial; word-spacing: 0px;\"><strong style=\"box-sizing: border-box;\"><i><span style=\"color: #212529;\">Gazetari:<\/span><\/i><\/strong><em><span style=\"color: #212529;\">\u00a0N\u00ebse do t\u00eb ishe kryetar i ri do e mundje dot Ram\u00ebn?<\/span><\/em><\/p>\n<p style=\"margin-top: 0in; background: white; box-sizing: border-box; margin-bottom: 1rem; font-variant-ligatures: normal; font-variant-caps: normal; orphans: 2; widows: 2; -webkit-text-stroke-width: 0px; text-decoration-thickness: initial; text-decoration-style: initial; text-decoration-color: initial; word-spacing: 0px;\"><strong style=\"box-sizing: border-box;\"><i><span style=\"color: #212529;\">Berisha<\/span><\/i><\/strong><em><span style=\"color: #212529;\">: Me k\u00ebto n\u00ebse-t\u00eb un\u00eb nuk jam. Un\u00eb nuk flas me n\u00ebse<\/span><\/em><\/p>\n<p style=\"margin-top: 0in; background: white; box-sizing: border-box; margin-bottom: 1rem; font-variant-ligatures: normal; font-variant-caps: normal; orphans: 2; widows: 2; -webkit-text-stroke-width: 0px; text-decoration-thickness: initial; text-decoration-style: initial; text-decoration-color: initial; word-spacing: 0px;\"><strong style=\"box-sizing: border-box;\"><i><span style=\"color: #212529;\">Gazetari:<\/span><\/i><\/strong><em><span style=\"color: #212529;\">\u00a0Dje ka qen\u00eb dit\u00eblindja e kryetarit Lulzim Basha<\/span><\/em><\/p>\n<p style=\"margin-top: 0in; background: white; box-sizing: border-box; margin-bottom: 1rem; font-variant-ligatures: normal; font-variant-caps: normal; orphans: 2; widows: 2; -webkit-text-stroke-width: 0px; text-decoration-thickness: initial; text-decoration-style: initial; text-decoration-color: initial; word-spacing: 0px;\"><strong style=\"box-sizing: border-box;\"><i><span style=\"color: #212529;\">\u00a0Berisha:<\/span><\/i><\/strong><em><span style=\"color: #212529;\">\u00a0I uroj 120 vjet<\/span><\/em><\/p>\n","protected":false},"excerpt":{"rendered":"<p>Pas votimit p\u00ebr kreun e PD-s\u00eb, ish-kryeministri Sali Berisha, \u00ebsht\u00eb pyetur n\u00ebse do e mundte dot Ram\u00ebn, n\u00ebse do ishte n\u00eb krye t\u00eb Partis\u00eb. Berisha \u00ebsht\u00eb shprehur p\u00ebr \u201cKlan\u201d se nuk i p\u00eblqen t\u00eb flas\u00eb me \u201cn\u00ebse\u201d, nd\u00ebrsa i ka uruar dit\u00eblindjen kryedemokratit Lulzim Basha, q\u00eb festoi dit\u00eblindjen nj\u00eb dit\u00eb para Zgjedhjeve. Gazetari:\u00a0N\u00ebse do t\u00eb [&hellip;]<\/p>\n","protected":false},"author":2016,"featured_media":188613,"comment_status":"closed","ping_status":"closed","sticky":false,"template":"","format":"standard","meta":{"footnotes":""},"categories":[241],"tags":[3807],"class_list":{"0":"post-188611","1":"post","2":"type-post","3":"status-publish","4":"format-standard","5":"has-post-thumbnail","7":"category-aktualitet","8":"tag-lajme-zjarr-berisha-bashes-i-uroj-120-vite-zjarr-tv"},"_links":{"self":[{"href":"https:\/\/zjarr.tv\/sq\/wp-json\/wp\/v2\/posts\/188611","targetHints":{"allow":["GET"]}}],"collection":[{"href":"https:\/\/zjarr.tv\/sq\/wp-json\/wp\/v2\/posts"}],"about":[{"href":"https:\/\/zjarr.tv\/sq\/wp-json\/wp\/v2\/types\/post"}],"author":[{"embeddable":true,"href":"https:\/\/zjarr.tv\/sq\/wp-json\/wp\/v2\/users\/2016"}],"replies":[{"embeddable":true,"href":"https:\/\/zjarr.tv\/sq\/wp-json\/wp\/v2\/comments?post=188611"}],"version-history":[{"count":0,"href":"https:\/\/zjarr.tv\/sq\/wp-json\/wp\/v2\/posts\/188611\/revisions"}],"wp:featuredmedia":[{"embeddable":true,"href":"https:\/\/zjarr.tv\/sq\/wp-json\/wp\/v2\/media\/188613"}],"wp:attachment":[{"href":"https:\/\/zjarr.tv\/sq\/wp-json\/wp\/v2\/media?parent=188611"}],"wp:term":[{"taxonomy":"category","embeddable":true,"href":"https:\/\/zjarr.tv\/sq\/wp-json\/wp\/v2\/categories?post=188611"},{"taxonomy":"post_tag","embeddable":true,"href":"https:\/\/zjarr.tv\/sq\/wp-json\/wp\/v2\/tags?post=188611"}],"curies":[{"name":"wp","href":"https:\/\/api.w.org\/{rel}","templated":true}]}}