{"id":189029,"date":"2021-06-17T09:10:29","date_gmt":"2021-06-17T07:10:29","guid":{"rendered":"https:\/\/zjarr.tv\/?p=189029"},"modified":"2021-06-17T09:10:29","modified_gmt":"2021-06-17T07:10:29","slug":"mesazhi-politik-i-fatos-nanos-ne-kongresin-e-ps-se-artur-zheji-ben-deklaraten-e-forte-me-regji-dhe-skenar-te-parapergatitur","status":"publish","type":"post","link":"https:\/\/zjarr.tv\/sq\/mesazhi-politik-i-fatos-nanos-ne-kongresin-e-ps-se-artur-zheji-ben-deklaraten-e-forte-me-regji-dhe-skenar-te-parapergatitur\/","title":{"rendered":"Mesazhi politik i Fatos Nanos n\u00eb Kongresin e PS-s\u00eb\/ Artur Zheji b\u00ebn deklarat\u00ebn e fort\u00eb: Me regji dhe skenar t\u00eb parap\u00ebrgatitur\u2026"},"content":{"rendered":"<p>Analisti Artur Zheji, ka komentuar mesazhin politik t\u00eb ish-kryeministrit Fatos Nano. Zheji, deklaroi se n\u00eb pamje t\u00eb par\u00eb, i gjith\u00eb mesazhi i \u00ebsht\u00eb dukur si nj\u00eb regji dhe skenar i parap\u00ebrgatitur.<\/p>\n<p><strong style=\"font-style: inherit;\">Artur Zheji:<\/strong>\u00a0<em style=\"font-weight: inherit;\">Zoti Rama na tregon q\u00eb ka pushtete q\u00eb nuk i ka njer\u00ebzor n\u00eb tok\u00eb, ai t\u00eb eleminon dhe t\u00eb rilind. K\u00ebt\u00eb gj\u00eb e b\u00ebjn\u00eb vet\u00ebm n\u00eb mesjet\u00eb, ato q\u00eb kan\u00eb nj\u00eb pushtet jo njer\u00ebzor. Ai i jep vetes k\u00ebt\u00eb lloj cil\u00ebsie. Thot\u00eb e eleminova \u00a0babain dhe e gjeta t\u00eb rilindur. Politikisht jo se e nxori, fizikisht jo, se \u00ebsht\u00eb e pamundur. Nano n\u00eb k\u00ebt\u00eb rast, i thot\u00eb \u201cpo bir\u201d. A \u00ebsht\u00eb kjo nj\u00eb organizat\u00eb politike? Nj\u00eb parti? Apo \u00ebsht\u00eb kjo nj\u00eb klan fisnor me af\u00ebrsi gjaku, apo ka kaq shum\u00eb af\u00ebrsi, sa q\u00eb b\u00ebhet n\u00eb af\u00ebrsi gjaku. P\u00ebr mua kjo \u00ebsht\u00eb shqet\u00ebsuese. Gjithsesi mendoj q\u00eb Rama k\u00ebrkon t\u00eb shpalos\u00eb. N\u00eb k\u00ebt\u00eb stad \u00ebsht\u00eb Kryeministri yn\u00eb.<\/em><\/p>\n<p><strong style=\"font-style: inherit;\"> Artur Zheji:<\/strong>\u00a0<em style=\"font-weight: inherit;\">Mendoj q\u00eb m\u00eb par\u00eb Nanos i ka shkuar regjisori dhe skenari. Kjo duhej t\u00eb ishte nj\u00eb bilanc i fitores, pse fituam kaq, pse nuk mor\u00ebm m\u00eb fush\u00eb. Duke qen\u00eb kongres i triumfit duhet q\u00eb numri 1 i partis\u00eb, duhet t\u00eb konfirmohet si numri 1 absolut. U kuptua q\u00eb normalisht ata i dhan\u00eb mandatin deri n\u00eb vitin 2030. Ai ishte akoma i eleminuar, nuk ishte i rilindur fare. Ai \u00ebsht\u00eb nj\u00eb politikan q\u00eb ka b\u00ebr\u00eb akt p\u00ebrfundimtar pas dhe duan q\u00eb n\u00eb syt\u00eb e bot\u00ebs duan t\u00eb jen\u00eb n\u00eb unitet. Nano p\u00ebrg\u00ebnjeshtron vetveten duke i dh\u00ebn\u00eb Edit k\u00ebt\u00eb mantelin e fituesit. \u00cbsht\u00eb thjesht munges\u00eb fuqie. Rama, do ta ekspozoj\u00eb fitoren e tij me ngjyrime madh\u00ebshtore. E n\u00eb k\u00ebt\u00eb rast ish-kryetari i PS, duhet t\u2019i b\u00ebj\u00eb qok\u00ebn maksimale birit t\u00eb tij.<\/em><\/p>\n<p><strong style=\"font-style: inherit;\">A harron Nano kollaj?<\/strong><\/p>\n<p><strong style=\"font-style: inherit;\">Artur Zheji:<\/strong>\u00a0<em style=\"font-weight: inherit;\">Ky kongres kishte n\u00eb qend\u00ebr zotin Ru\u00e7i, e jo te Nano. Rama kishte nevoj\u00eb p\u00ebr nj\u00eb kuror\u00eb. Ai k\u00ebrkon q\u00eb njer\u00ebzit ta duan. Rama k\u00ebrkon rikonfirmim t\u00eb afeksionit, t\u00eb adhurimit q\u00eb t\u00eb tjer\u00ebt i b\u00ebjn\u00eb atij, duke shkelur mbi personalitetin e tyre. Ata q\u00eb jan\u00eb aty duken pa personalitetet para Ram\u00ebs. N\u00eb nj\u00eb jet\u00eb tjet\u00ebr do i shtr\u00ebngoja dor\u00ebn. Gj\u00ebja q\u00eb m\u00eb b\u00ebri m\u00eb shum\u00eb p\u00ebrshtypje ishte se t\u00eb gjith\u00eb ishin t\u00eb plazmuar, e p\u00ebr t\u2019i dh\u00ebn\u00eb elokuenc\u00ebn m\u00eb maksimale, duheshin dy figura qendrore. Nano \u00ebsht\u00eb par\u00eb si reformator dhe Ru\u00e7i si konservatori brenda PS. N\u00eb m\u00ebnyr\u00eb metaforike, vul\u00ebn e that\u00eb, t\u00eb certifikimit e ka Gramoz Ru\u00e7i. Ata po i japin Ram\u00ebs nj\u00eb mandat 10-vje\u00e7ar.<\/em><\/p>\n<p>&nbsp;<\/p>\n","protected":false},"excerpt":{"rendered":"<p>Analisti Artur Zheji, ka komentuar mesazhin politik t\u00eb ish-kryeministrit Fatos Nano. Zheji, deklaroi se n\u00eb pamje t\u00eb par\u00eb, i gjith\u00eb mesazhi i \u00ebsht\u00eb dukur si nj\u00eb regji dhe skenar i parap\u00ebrgatitur. Artur Zheji:\u00a0Zoti Rama na tregon q\u00eb ka pushtete q\u00eb nuk i ka njer\u00ebzor n\u00eb tok\u00eb, ai t\u00eb eleminon dhe t\u00eb rilind. K\u00ebt\u00eb gj\u00eb e [&hellip;]<\/p>\n","protected":false},"author":2016,"featured_media":189031,"comment_status":"closed","ping_status":"closed","sticky":false,"template":"","format":"standard","meta":{"footnotes":""},"categories":[241],"tags":[3855],"class_list":{"0":"post-189029","1":"post","2":"type-post","3":"status-publish","4":"format-standard","5":"has-post-thumbnail","7":"category-aktualitet","8":"tag-lajme-zjarr-zheji-ben-deklaraten-e-forte-zjarr-tv"},"_links":{"self":[{"href":"https:\/\/zjarr.tv\/sq\/wp-json\/wp\/v2\/posts\/189029","targetHints":{"allow":["GET"]}}],"collection":[{"href":"https:\/\/zjarr.tv\/sq\/wp-json\/wp\/v2\/posts"}],"about":[{"href":"https:\/\/zjarr.tv\/sq\/wp-json\/wp\/v2\/types\/post"}],"author":[{"embeddable":true,"href":"https:\/\/zjarr.tv\/sq\/wp-json\/wp\/v2\/users\/2016"}],"replies":[{"embeddable":true,"href":"https:\/\/zjarr.tv\/sq\/wp-json\/wp\/v2\/comments?post=189029"}],"version-history":[{"count":0,"href":"https:\/\/zjarr.tv\/sq\/wp-json\/wp\/v2\/posts\/189029\/revisions"}],"wp:featuredmedia":[{"embeddable":true,"href":"https:\/\/zjarr.tv\/sq\/wp-json\/wp\/v2\/media\/189031"}],"wp:attachment":[{"href":"https:\/\/zjarr.tv\/sq\/wp-json\/wp\/v2\/media?parent=189029"}],"wp:term":[{"taxonomy":"category","embeddable":true,"href":"https:\/\/zjarr.tv\/sq\/wp-json\/wp\/v2\/categories?post=189029"},{"taxonomy":"post_tag","embeddable":true,"href":"https:\/\/zjarr.tv\/sq\/wp-json\/wp\/v2\/tags?post=189029"}],"curies":[{"name":"wp","href":"https:\/\/api.w.org\/{rel}","templated":true}]}}