{"id":189048,"date":"2021-06-17T10:34:40","date_gmt":"2021-06-17T08:34:40","guid":{"rendered":"https:\/\/zjarr.tv\/?p=189048"},"modified":"2021-06-17T10:34:40","modified_gmt":"2021-06-17T08:34:40","slug":"nuk-ndalet-frrok-cupi-leshon-gjuhen-keq-ndaj-berishes-ska-sjelle-asnje-te-mire-per-vendin-eshte","status":"publish","type":"post","link":"https:\/\/zjarr.tv\/sq\/nuk-ndalet-frrok-cupi-leshon-gjuhen-keq-ndaj-berishes-ska-sjelle-asnje-te-mire-per-vendin-eshte\/","title":{"rendered":"Nuk ndalet Frrok \u00c7upi, l\u00ebshon gjuh\u00ebn keq ndaj Berish\u00ebs: S\u2019ka sjell\u00eb asnj\u00eb t\u00eb mir\u00eb p\u00ebr vendin, \u00ebsht\u00eb\u2026"},"content":{"rendered":"<p style=\"background: white; margin: 0in 0in 19.5pt 0in;\"><span style=\"color: #222222;\">Analisti Frrok \u00c7upi, e ka konsideruar Sali Berish\u00ebn tiranin e fundit t\u00eb Ballkanit, duke e krahasuar me figura si Milloshevi\u00e7 e Izetbekovi\u00e7in.<\/span><\/p>\n<p style=\"background: white; -webkit-tap-highlight-color: transparent !important; box-sizing: border-box; overflow-wrap: break-word; font-variant-ligatures: normal; font-variant-caps: normal; orphans: 2; widows: 2; -webkit-text-stroke-width: 0px; text-decoration-thickness: initial; text-decoration-style: initial; text-decoration-color: initial; word-spacing: 0px; margin: 0in 0in 19.5pt 0in;\"><span style=\"color: #222222;\">I ftuar n\u00eb emisionin &#8220;Repolitix&#8221;, \u00c7upi tha se Berisha nuk i ka sjell\u00eb asnj\u00eb t\u00eb mir\u00eb vendit.<\/span><\/p>\n<p style=\"background: white; -webkit-tap-highlight-color: transparent !important; box-sizing: border-box; overflow-wrap: break-word; font-variant-ligatures: normal; font-variant-caps: normal; orphans: 2; widows: 2; -webkit-text-stroke-width: 0px; text-decoration-thickness: initial; text-decoration-style: initial; text-decoration-color: initial; word-spacing: 0px; margin: 0in 0in 19.5pt 0in;\"><span style=\"color: #222222;\">\u00c7upi shtoi se pik\u00ebrisht p\u00ebr k\u00ebt\u00eb arsye, Amerika e ka n\u00eb v\u00ebmendje Ballkanin Per\u00ebndimor dhe e ka\u00a0shpallur \u201cnon-grata\u201d\u00a0Berish\u00ebn.<\/span><\/p>\n<p style=\"background: white; -webkit-tap-highlight-color: transparent !important; box-sizing: border-box; overflow-wrap: break-word; font-variant-ligatures: normal; font-variant-caps: normal; orphans: 2; widows: 2; -webkit-text-stroke-width: 0px; text-decoration-thickness: initial; text-decoration-style: initial; text-decoration-color: initial; word-spacing: 0px; margin: 0in 0in 19.5pt 0in;\"><strong style=\"-webkit-tap-highlight-color: transparent !important; box-sizing: border-box;\"><span style=\"color: #222222;\">Frrok \u00c7upi:<\/span><\/strong><span style=\"color: #222222;\">\u00a0Ky \u00ebsht\u00eb nj\u00eb gadishull plot probleme, \u00ebsht\u00eb ndryshe ky gadishull dhe ndryshe Venezuela. Ndryshe krijohet tirani k\u00ebtu dhe ndryshe n\u00eb Venezuel\u00eb. K\u00ebtu tirani nd\u00ebrtohet n\u00eb baz\u00eb t\u00eb pasuris\u00eb dhe tribus\u00eb. K\u00ebtu dominon nj\u00eb shoq\u00ebri fisnore dhe k\u00ebtu dominon pasurimi shum\u00eb i madh lid\u00ebrve. Nj\u00eb individ t\u00eb pasurohet dhe jo m\u00eb nj\u00eb lider, n\u00eb teorin\u00eb e shteti p\u00ebrb\u00ebn rrezik p\u00ebr paqen e kombit. Qeverit\u00eb n\u00eb k\u00ebt\u00eb shekull p\u00ebrgatiten t\u00eb p\u00ebrballojn\u00eb individ\u00ebt e pasuruar. Teknologjia e b\u00ebn individin e pasuruar t\u00eb rreziksh\u00ebm. Ky \u00ebsht\u00eb problemi n\u00eb Ballkan. Aq m\u00eb shum\u00eb, q\u00eb ne kemi tani t\u00eb pakt\u00ebn Berish\u00ebn si nj\u00eb lider dhe ndoshta edhe Presidenti Republik\u00ebs tani, njer\u00ebz t\u00eb pasuruar pafund, t\u00eb cil\u00ebt bazohen mbi nj\u00eb shoq\u00ebri tribale. Sidomos PD me Berish\u00ebn n\u00eb krye, edhe partia vet\u00eb \u00ebsht\u00eb fisnore. E gjitha kjo krijon shanset q\u00eb paqja n\u00eb Shqip\u00ebri dhe Ballkan t\u00eb rrezikohet nga kjo kategori. Prandaj \u00ebsht\u00eb e v\u00ebmendshme Amerika n\u00eb k\u00ebt\u00eb rajon. Ishte para Berish\u00ebs me Milloshevi\u00e7in, ishte para Berish\u00ebs me Izetbekovi\u00e7in, ai ishte i men\u00e7ur se iku nga kjo bot\u00eb pa ndonj\u00eb traum\u00eb, ishte mbi Franjo Tudjman. K\u00ebta jan\u00eb tiran\u00ebt e Ballkanit q\u00eb dol\u00ebn pas viteve 90\u2032. Berisha? Un\u00eb besoj se po. Ai \u00ebsht\u00eb i fundit i tiran\u00ebve n\u00eb Ballkan q\u00eb prodhoi post-komunizmi\u201d, u shpreh \u00c7upi.<\/span><\/p>\n","protected":false},"excerpt":{"rendered":"<p>Analisti Frrok \u00c7upi, e ka konsideruar Sali Berish\u00ebn tiranin e fundit t\u00eb Ballkanit, duke e krahasuar me figura si Milloshevi\u00e7 e Izetbekovi\u00e7in. I ftuar n\u00eb emisionin &#8220;Repolitix&#8221;, \u00c7upi tha se Berisha nuk i ka sjell\u00eb asnj\u00eb t\u00eb mir\u00eb vendit. \u00c7upi shtoi se pik\u00ebrisht p\u00ebr k\u00ebt\u00eb arsye, Amerika e ka n\u00eb v\u00ebmendje Ballkanin Per\u00ebndimor dhe e [&hellip;]<\/p>\n","protected":false},"author":2016,"featured_media":189050,"comment_status":"closed","ping_status":"closed","sticky":false,"template":"","format":"standard","meta":{"footnotes":""},"categories":[241],"tags":[3859],"class_list":{"0":"post-189048","1":"post","2":"type-post","3":"status-publish","4":"format-standard","5":"has-post-thumbnail","7":"category-aktualitet","8":"tag-lajme-zjarr-nuk-ndalet-frrok-cupi-zjarr-tv"},"_links":{"self":[{"href":"https:\/\/zjarr.tv\/sq\/wp-json\/wp\/v2\/posts\/189048","targetHints":{"allow":["GET"]}}],"collection":[{"href":"https:\/\/zjarr.tv\/sq\/wp-json\/wp\/v2\/posts"}],"about":[{"href":"https:\/\/zjarr.tv\/sq\/wp-json\/wp\/v2\/types\/post"}],"author":[{"embeddable":true,"href":"https:\/\/zjarr.tv\/sq\/wp-json\/wp\/v2\/users\/2016"}],"replies":[{"embeddable":true,"href":"https:\/\/zjarr.tv\/sq\/wp-json\/wp\/v2\/comments?post=189048"}],"version-history":[{"count":0,"href":"https:\/\/zjarr.tv\/sq\/wp-json\/wp\/v2\/posts\/189048\/revisions"}],"wp:featuredmedia":[{"embeddable":true,"href":"https:\/\/zjarr.tv\/sq\/wp-json\/wp\/v2\/media\/189050"}],"wp:attachment":[{"href":"https:\/\/zjarr.tv\/sq\/wp-json\/wp\/v2\/media?parent=189048"}],"wp:term":[{"taxonomy":"category","embeddable":true,"href":"https:\/\/zjarr.tv\/sq\/wp-json\/wp\/v2\/categories?post=189048"},{"taxonomy":"post_tag","embeddable":true,"href":"https:\/\/zjarr.tv\/sq\/wp-json\/wp\/v2\/tags?post=189048"}],"curies":[{"name":"wp","href":"https:\/\/api.w.org\/{rel}","templated":true}]}}