{"id":189267,"date":"2021-06-18T14:38:34","date_gmt":"2021-06-18T12:38:34","guid":{"rendered":"https:\/\/zjarr.tv\/?p=189267"},"modified":"2021-06-18T14:38:34","modified_gmt":"2021-06-18T12:38:34","slug":"analiza-e-masakres-zgjedhore-pd-mbledh-sot-kryesine-dhe-zbardh-vendimet-qe-do-te-miratohen","status":"publish","type":"post","link":"https:\/\/zjarr.tv\/sq\/analiza-e-masakres-zgjedhore-pd-mbledh-sot-kryesine-dhe-zbardh-vendimet-qe-do-te-miratohen\/","title":{"rendered":"Analiza e masakr\u00ebs zgjedhore\/ PD mbledh sot Kryesin\u00eb dhe zbardh vendimet q\u00eb do t\u00eb miratohen"},"content":{"rendered":"<p style=\"background: white; margin: 0in 0in 19.5pt 0in;\">Kryesia e Partis\u00eb Demokratike propozon q\u00eb Kuvendi Komb\u00ebtar i PD t\u00eb mblidhet m\u00eb dat\u00eb 17 korrik.<\/p>\n<p style=\"background: white; -webkit-tap-highlight-color: transparent !important; box-sizing: border-box; overflow-wrap: break-word; font-variant-ligatures: normal; font-variant-caps: normal; orphans: 2; widows: 2; -webkit-text-stroke-width: 0px; text-decoration-thickness: initial; text-decoration-style: initial; text-decoration-color: initial; word-spacing: 0px; margin: 0in 0in 19.5pt 0in;\">M\u00ebsohet se n\u00eb mbledhjen e sotme, n\u00eb Kryesin\u00eb e k\u00ebsaj force politike do t\u00eb diskutohet dhe analizohet ajo PD e quan \u2018masak\u00ebr zgjedhore\u2019, p\u00ebrsa i p\u00ebrket zgjedhjeve t\u00eb 25 prillit.<\/p>\n<p style=\"background: white; -webkit-tap-highlight-color: transparent !important; box-sizing: border-box; overflow-wrap: break-word; font-variant-ligatures: normal; font-variant-caps: normal; orphans: 2; widows: 2; -webkit-text-stroke-width: 0px; text-decoration-thickness: initial; text-decoration-style: initial; text-decoration-color: initial; word-spacing: 0px; margin: 0in 0in 19.5pt 0in;\">Gjithashtu Kuvendi Komb\u00ebtar i PD do t\u00eb shoh\u00eb mund\u00ebsit\u00eb p\u00ebr ndryshime n\u00eb statut.<\/p>\n<p style=\"background: white; -webkit-tap-highlight-color: transparent !important; box-sizing: border-box; overflow-wrap: break-word; font-variant-ligatures: normal; font-variant-caps: normal; orphans: 2; widows: 2; -webkit-text-stroke-width: 0px; text-decoration-thickness: initial; text-decoration-style: initial; text-decoration-color: initial; word-spacing: 0px; margin: 0in 0in 19.5pt 0in;\"><strong style=\"-webkit-tap-highlight-color: transparent !important; box-sizing: border-box;\">Propozimi nga Kryesia e PD vendosi:<\/strong><\/p>\n<p style=\"background: white; -webkit-tap-highlight-color: transparent !important; box-sizing: border-box; overflow-wrap: break-word; font-variant-ligatures: normal; font-variant-caps: normal; orphans: 2; widows: 2; -webkit-text-stroke-width: 0px; text-decoration-thickness: initial; text-decoration-style: initial; text-decoration-color: initial; word-spacing: 0px; margin: 0in 0in 19.5pt 0in;\">Thirrjen e mbledhjes s\u00eb Kuvendit Komb\u00ebtar t\u00eb Partis\u00eb, dit\u00ebn e shtun\u00eb, dat\u00eb 17 Korrik 2021, ora 11:00.<\/p>\n<p style=\"background: white; -webkit-tap-highlight-color: transparent !important; box-sizing: border-box; overflow-wrap: break-word; font-variant-ligatures: normal; font-variant-caps: normal; orphans: 2; widows: 2; -webkit-text-stroke-width: 0px; text-decoration-thickness: initial; text-decoration-style: initial; text-decoration-color: initial; word-spacing: 0px; margin: 0in 0in 19.5pt 0in;\">Rendi i dit\u00ebs s\u00eb mbledhjes s\u00eb Kuvendit Komb\u00ebtar, \u00ebsht\u00eb si m\u00eb posht\u00eb:<\/p>\n<p style=\"background: white; -webkit-tap-highlight-color: transparent !important; box-sizing: border-box; overflow-wrap: break-word; font-variant-ligatures: normal; font-variant-caps: normal; orphans: 2; widows: 2; -webkit-text-stroke-width: 0px; text-decoration-thickness: initial; text-decoration-style: initial; text-decoration-color: initial; word-spacing: 0px; margin: 0in 0in 19.5pt 0in;\">\u201c1. Informimi i Kuvendit Komb\u00ebtar t\u00eb Partis\u00eb mbi analiz\u00ebn e masakr\u00ebs zgjedhore t\u00eb 25 Prillit 2021 dhe p\u00ebrcaktimi i linjave kryesore t\u00eb strategjis\u00eb politike\u00a0 t\u00eb Partis\u00eb Demokratike, n\u00eb rolin dhe p\u00ebrgjegj\u00ebsin\u00eb e saj n\u00eb mbrojtjen e demokracis\u00eb, t\u00eb drejtave themelore t\u00eb njeriut dhe rikthimit t\u00eb legjitimitetit t\u00eb institucioneve demokratike.<\/p>\n<p style=\"background: white; -webkit-tap-highlight-color: transparent !important; box-sizing: border-box; overflow-wrap: break-word; font-variant-ligatures: normal; font-variant-caps: normal; orphans: 2; widows: 2; -webkit-text-stroke-width: 0px; text-decoration-thickness: initial; text-decoration-style: initial; text-decoration-color: initial; word-spacing: 0px; margin: 0in 0in 19.5pt 0in;\">2-Vler\u00ebsimi i mund\u00ebsis\u00eb p\u00ebr ndryshime n\u00eb Statutin e Partis\u00eb Demokratike t\u00eb Shqip\u00ebris\u00eb, n\u00eb funksion t\u00eb rritjes s\u00eb eficenc\u00ebs s\u00eb organeve t\u00eb partis\u00eb apo demokratizimin e m\u00ebtejsh\u00ebm t\u00eb m\u00ebnyr\u00ebs s\u00eb funksionimit t\u00eb strukturave t\u00eb Partis\u00eb.<\/p>\n<p style=\"background: white; -webkit-tap-highlight-color: transparent !important; box-sizing: border-box; overflow-wrap: break-word; font-variant-ligatures: normal; font-variant-caps: normal; orphans: 2; widows: 2; -webkit-text-stroke-width: 0px; text-decoration-thickness: initial; text-decoration-style: initial; text-decoration-color: initial; word-spacing: 0px; margin: 0in 0in 19.5pt 0in;\">3-Zgjedhja e K\u00ebshillit Komb\u00ebtar t\u00eb Partis\u00eb Demokratike.\u201d.<\/p>\n","protected":false},"excerpt":{"rendered":"<p>Kryesia e Partis\u00eb Demokratike propozon q\u00eb Kuvendi Komb\u00ebtar i PD t\u00eb mblidhet m\u00eb dat\u00eb 17 korrik. M\u00ebsohet se n\u00eb mbledhjen e sotme, n\u00eb Kryesin\u00eb e k\u00ebsaj force politike do t\u00eb diskutohet dhe analizohet ajo PD e quan \u2018masak\u00ebr zgjedhore\u2019, p\u00ebrsa i p\u00ebrket zgjedhjeve t\u00eb 25 prillit. Gjithashtu Kuvendi Komb\u00ebtar i PD do t\u00eb shoh\u00eb mund\u00ebsit\u00eb [&hellip;]<\/p>\n","protected":false},"author":2030,"featured_media":189268,"comment_status":"closed","ping_status":"closed","sticky":false,"template":"","format":"standard","meta":{"footnotes":""},"categories":[241,1454],"tags":[],"class_list":{"0":"post-189267","1":"post","2":"type-post","3":"status-publish","4":"format-standard","5":"has-post-thumbnail","7":"category-aktualitet","8":"category-politike"},"_links":{"self":[{"href":"https:\/\/zjarr.tv\/sq\/wp-json\/wp\/v2\/posts\/189267","targetHints":{"allow":["GET"]}}],"collection":[{"href":"https:\/\/zjarr.tv\/sq\/wp-json\/wp\/v2\/posts"}],"about":[{"href":"https:\/\/zjarr.tv\/sq\/wp-json\/wp\/v2\/types\/post"}],"author":[{"embeddable":true,"href":"https:\/\/zjarr.tv\/sq\/wp-json\/wp\/v2\/users\/2030"}],"replies":[{"embeddable":true,"href":"https:\/\/zjarr.tv\/sq\/wp-json\/wp\/v2\/comments?post=189267"}],"version-history":[{"count":0,"href":"https:\/\/zjarr.tv\/sq\/wp-json\/wp\/v2\/posts\/189267\/revisions"}],"wp:featuredmedia":[{"embeddable":true,"href":"https:\/\/zjarr.tv\/sq\/wp-json\/wp\/v2\/media\/189268"}],"wp:attachment":[{"href":"https:\/\/zjarr.tv\/sq\/wp-json\/wp\/v2\/media?parent=189267"}],"wp:term":[{"taxonomy":"category","embeddable":true,"href":"https:\/\/zjarr.tv\/sq\/wp-json\/wp\/v2\/categories?post=189267"},{"taxonomy":"post_tag","embeddable":true,"href":"https:\/\/zjarr.tv\/sq\/wp-json\/wp\/v2\/tags?post=189267"}],"curies":[{"name":"wp","href":"https:\/\/api.w.org\/{rel}","templated":true}]}}