{"id":189271,"date":"2021-06-18T14:47:48","date_gmt":"2021-06-18T12:47:48","guid":{"rendered":"https:\/\/zjarr.tv\/?p=189271"},"modified":"2021-06-18T14:47:48","modified_gmt":"2021-06-18T12:47:48","slug":"u-arrestua-gjate-operacionit-te-renea-gjykata-jep-masen-e-sigurise-per-edison-begajn","status":"publish","type":"post","link":"https:\/\/zjarr.tv\/sq\/u-arrestua-gjate-operacionit-te-renea-gjykata-jep-masen-e-sigurise-per-edison-begajn\/","title":{"rendered":"U arrestua gjat\u00eb operacionit t\u00eb RENEA, gjykata jep mas\u00ebn e siguris\u00eb p\u00ebr Edison Begajn"},"content":{"rendered":"<p style=\"background: white; margin: 0in 0in 19.5pt 0in;\">Gjykata e Vlor\u00ebs ka dh\u00ebn\u00eb mas\u00ebn e siguris\u00eb \u201carrest sht\u00ebpie\u201d p\u00ebr Edison Begaj, i cili u arrestua pak dit\u00eb m\u00eb par\u00eb nga forcat RENEA.<\/p>\n<p style=\"background: white; -webkit-tap-highlight-color: transparent !important; box-sizing: border-box; overflow-wrap: break-word; font-variant-ligatures: normal; font-variant-caps: normal; orphans: 2; widows: 2; -webkit-text-stroke-width: 0px; text-decoration-thickness: initial; text-decoration-style: initial; text-decoration-color: initial; word-spacing: 0px; margin: 0in 0in 19.5pt 0in;\">Begaj u arrestua gjat\u00eb nj\u00eb operacioni policor n\u00eb Vlor\u00eb, ku edhe iu gjet nj\u00eb arm\u00eb zjarri pa leje, p\u00ebr t\u00eb cil\u00ebn familjar\u00ebt pohuan se ai e mbante, pasi ndihej i frik\u00ebsuar pas atentatit q\u00eb iu b\u00eb pran\u00eb banes\u00ebs.<\/p>\n<p style=\"background: white; -webkit-tap-highlight-color: transparent !important; box-sizing: border-box; overflow-wrap: break-word; font-variant-ligatures: normal; font-variant-caps: normal; orphans: 2; widows: 2; -webkit-text-stroke-width: 0px; text-decoration-thickness: initial; text-decoration-style: initial; text-decoration-color: initial; word-spacing: 0px; margin: 0in 0in 19.5pt 0in;\">Seanca p\u00ebr caktimin e mas\u00ebs s\u00eb siguris\u00eb u mbajt n\u00eb spital, pasi 38 vje\u00e7ari Begaj u shtrua p\u00ebr shkak t\u00eb plag\u00ebve t\u00eb marra n\u00eb atentatin q\u00eb iu b\u00eb pak jav\u00eb m\u00eb par\u00eb.<\/p>\n<p style=\"background: white; -webkit-tap-highlight-color: transparent !important; box-sizing: border-box; overflow-wrap: break-word; font-variant-ligatures: normal; font-variant-caps: normal; orphans: 2; widows: 2; -webkit-text-stroke-width: 0px; text-decoration-thickness: initial; text-decoration-style: initial; text-decoration-color: initial; word-spacing: 0px; margin: 0in 0in 19.5pt 0in;\">Kujtojm\u00eb se Begaj u plagos me 4 plumba n\u00eb nj\u00eb atentat n\u00eb hyrje t\u00eb banes\u00ebs s\u00eb tij, n\u00eb fshatin Kanin\u00eb nga nj\u00eb person i cili ishte kamufluar si polic.<\/p>\n<p style=\"background: white; -webkit-tap-highlight-color: transparent !important; box-sizing: border-box; overflow-wrap: break-word; font-variant-ligatures: normal; font-variant-caps: normal; orphans: 2; widows: 2; -webkit-text-stroke-width: 0px; text-decoration-thickness: initial; text-decoration-style: initial; text-decoration-color: initial; word-spacing: 0px; margin: 0in 0in 19.5pt 0in;\">Ngjarja s\u2019\u00ebsht\u00eb zbardhur ende, nd\u00ebrsa pistat e hetimit jan\u00eb ajo e prishjes s\u00eb pazareve t\u00eb drog\u00ebs ose nj\u00eb konflikt q\u00eb mund t\u00eb ket\u00eb pasur s\u00eb fundmi 38 vje\u00e7ari Begaj.<\/p>\n","protected":false},"excerpt":{"rendered":"<p>Gjykata e Vlor\u00ebs ka dh\u00ebn\u00eb mas\u00ebn e siguris\u00eb \u201carrest sht\u00ebpie\u201d p\u00ebr Edison Begaj, i cili u arrestua pak dit\u00eb m\u00eb par\u00eb nga forcat RENEA. Begaj u arrestua gjat\u00eb nj\u00eb operacioni policor n\u00eb Vlor\u00eb, ku edhe iu gjet nj\u00eb arm\u00eb zjarri pa leje, p\u00ebr t\u00eb cil\u00ebn familjar\u00ebt pohuan se ai e mbante, pasi ndihej i frik\u00ebsuar [&hellip;]<\/p>\n","protected":false},"author":2030,"featured_media":189272,"comment_status":"closed","ping_status":"closed","sticky":false,"template":"","format":"standard","meta":{"footnotes":""},"categories":[241],"tags":[],"class_list":{"0":"post-189271","1":"post","2":"type-post","3":"status-publish","4":"format-standard","5":"has-post-thumbnail","7":"category-aktualitet"},"_links":{"self":[{"href":"https:\/\/zjarr.tv\/sq\/wp-json\/wp\/v2\/posts\/189271","targetHints":{"allow":["GET"]}}],"collection":[{"href":"https:\/\/zjarr.tv\/sq\/wp-json\/wp\/v2\/posts"}],"about":[{"href":"https:\/\/zjarr.tv\/sq\/wp-json\/wp\/v2\/types\/post"}],"author":[{"embeddable":true,"href":"https:\/\/zjarr.tv\/sq\/wp-json\/wp\/v2\/users\/2030"}],"replies":[{"embeddable":true,"href":"https:\/\/zjarr.tv\/sq\/wp-json\/wp\/v2\/comments?post=189271"}],"version-history":[{"count":0,"href":"https:\/\/zjarr.tv\/sq\/wp-json\/wp\/v2\/posts\/189271\/revisions"}],"wp:featuredmedia":[{"embeddable":true,"href":"https:\/\/zjarr.tv\/sq\/wp-json\/wp\/v2\/media\/189272"}],"wp:attachment":[{"href":"https:\/\/zjarr.tv\/sq\/wp-json\/wp\/v2\/media?parent=189271"}],"wp:term":[{"taxonomy":"category","embeddable":true,"href":"https:\/\/zjarr.tv\/sq\/wp-json\/wp\/v2\/categories?post=189271"},{"taxonomy":"post_tag","embeddable":true,"href":"https:\/\/zjarr.tv\/sq\/wp-json\/wp\/v2\/tags?post=189271"}],"curies":[{"name":"wp","href":"https:\/\/api.w.org\/{rel}","templated":true}]}}