{"id":189275,"date":"2021-06-18T14:57:09","date_gmt":"2021-06-18T12:57:09","guid":{"rendered":"https:\/\/zjarr.tv\/?p=189275"},"modified":"2021-06-18T14:57:09","modified_gmt":"2021-06-18T12:57:09","slug":"manastirliu-presim-100-mije-doza-coronavac-do-te-fillojme-vaksinimin-e-grupmoshes-mbi-50-vjec","status":"publish","type":"post","link":"https:\/\/zjarr.tv\/sq\/manastirliu-presim-100-mije-doza-coronavac-do-te-fillojme-vaksinimin-e-grupmoshes-mbi-50-vjec\/","title":{"rendered":"Manastirliu: Presim 100 mij\u00eb doza \u201cCoronavac\u201d, do t\u00eb fillojm\u00eb vaksinimin e grupmosh\u00ebs mbi 50-vje\u00e7"},"content":{"rendered":"<p style=\"background: white; margin: 0in 0in 19.5pt 0in;\">Ministrja e Sh\u00ebndet\u00ebsis\u00eb, Ogerta Manastirliu, dit\u00ebn e sotme\u00a0ndodhet n\u00eb Golem aty ku dhe po inspekton nga af\u00ebr punimin n\u00eb qendrat sh\u00ebndet\u00ebsore.<\/p>\n<p style=\"background: white; -webkit-tap-highlight-color: transparent !important; box-sizing: border-box; overflow-wrap: break-word; font-variant-ligatures: normal; font-variant-caps: normal; orphans: 2; widows: 2; -webkit-text-stroke-width: 0px; text-decoration-thickness: initial; text-decoration-style: initial; text-decoration-color: initial; word-spacing: 0px; margin: 0in 0in 19.5pt 0in;\">Manastirliu ka b\u00ebr\u00eb me dije se pritet q\u00eb gjat\u00eb dit\u00ebve n\u00eb vijim n\u00eb vendin ton\u00eb t\u00eb mb\u00ebrrijn\u00eb 100 mij\u00eb doza t\u00eb vaksin\u00ebs Coronavac, nd\u00ebrsa dit\u00ebn e h\u00ebn\u00eb priten 11700 doza t\u00eb vaksin\u00ebs Pfizer.<\/p>\n<p style=\"background: white; -webkit-tap-highlight-color: transparent !important; box-sizing: border-box; overflow-wrap: break-word; font-variant-ligatures: normal; font-variant-caps: normal; orphans: 2; widows: 2; -webkit-text-stroke-width: 0px; text-decoration-thickness: initial; text-decoration-style: initial; text-decoration-color: initial; word-spacing: 0px; margin: 0in 0in 19.5pt 0in;\">Me mb\u00ebrritjen e k\u00ebtyre dozave, ministrja tha se do t\u00eb zgjerohet edhe fasha e vaksinimit, duke filluar me grupmoshat mbi 50-vje\u00e7.<\/p>\n<p style=\"background: white; -webkit-tap-highlight-color: transparent !important; box-sizing: border-box; overflow-wrap: break-word; font-variant-ligatures: normal; font-variant-caps: normal; orphans: 2; widows: 2; -webkit-text-stroke-width: 0px; text-decoration-thickness: initial; text-decoration-style: initial; text-decoration-color: initial; word-spacing: 0px; margin: 0in 0in 19.5pt 0in;\">Teksa, shtoi se nj\u00eb nd\u00ebr prioritet kryesore do t\u00eb jen\u00eb edhe ata persona t\u00eb cil\u00ebt kan\u00eb s\u00ebmundje kronike.<\/p>\n<p style=\"background: white; -webkit-tap-highlight-color: transparent !important; box-sizing: border-box; overflow-wrap: break-word; font-variant-ligatures: normal; font-variant-caps: normal; orphans: 2; widows: 2; -webkit-text-stroke-width: 0px; text-decoration-thickness: initial; text-decoration-style: initial; text-decoration-color: initial; word-spacing: 0px; margin: 0in 0in 19.5pt 0in;\">\u201cQ\u00eb prej dat\u00ebs 15 qershor kemi hapur 29 qendra sh\u00ebndet\u00ebosre nga Thethi n\u00eb Ksamil, n\u00eb ato pika ku ka nj\u00eb num\u00ebr t\u00eb madh pushuesish . N\u00eb t\u00eb gjitha qendrat sh\u00ebndet\u00ebsorte\u00a0 p\u00ebrve\u00e7 sh\u00ebrbimeve t\u00eb tjera kemi shtuar edhe testin e shpejt\u00eb, nj\u00eb sh\u00ebrbim i icili do t\u00eb garantoj\u00eb kapjen n\u00eb koh\u00eb t\u00eb rasteve me Covid. Ne jemi duke punuar fort q\u00eb p\u00ebrgjat\u00eb gjith\u00eb sezonit veror t\u00eb kemi nj\u00eb v\u00ebmendje t\u00eb posa\u00e7me tek vaksinimi. Presim q\u00eb brenda dy dit\u00ebve t\u00eb ardhshme t\u00eb kemi s\u00ebrish nj\u00eb l\u00ebvrim t\u00eb kontratave t\u00eb lidhura. Do t\u00eb jen\u00eb 100 mij\u00eb vaksina t\u00eb Coronavac t\u00eb cilat pritet t\u00eb mb\u00ebrijn\u00eb n\u00eb dit\u00ebt e ardhshme, nd\u00ebrkoh\u00eb q\u00eb 11.700 vaksina t\u00eb Pfizer pritet t\u00eb mb\u00ebrijn\u00eb dit\u00ebn e h\u00ebn\u00eb. Me k\u00ebt\u00eb mb\u00ebrritje t\u00eb vaksinave do t\u00eb mundet t\u00eb zgjerojm\u00eb fash\u00ebn e vaksinimit, pra sipas grupmoshave dhe sipas kalendarit duek e ulur n\u00eb 50 vje\u00e7.Sigurisht duke i siguruar t\u00eb gjith\u00eb atyre q\u00eb kan\u00eb s\u00ebmundje kronike nj\u00eb vaksinim t\u00eb shpejt\u00eb\u201d, tha ajo.<\/p>\n","protected":false},"excerpt":{"rendered":"<p>Ministrja e Sh\u00ebndet\u00ebsis\u00eb, Ogerta Manastirliu, dit\u00ebn e sotme\u00a0ndodhet n\u00eb Golem aty ku dhe po inspekton nga af\u00ebr punimin n\u00eb qendrat sh\u00ebndet\u00ebsore. Manastirliu ka b\u00ebr\u00eb me dije se pritet q\u00eb gjat\u00eb dit\u00ebve n\u00eb vijim n\u00eb vendin ton\u00eb t\u00eb mb\u00ebrrijn\u00eb 100 mij\u00eb doza t\u00eb vaksin\u00ebs Coronavac, nd\u00ebrsa dit\u00ebn e h\u00ebn\u00eb priten 11700 doza t\u00eb vaksin\u00ebs Pfizer. Me [&hellip;]<\/p>\n","protected":false},"author":2030,"featured_media":189276,"comment_status":"closed","ping_status":"closed","sticky":false,"template":"","format":"standard","meta":{"footnotes":""},"categories":[241],"tags":[],"class_list":{"0":"post-189275","1":"post","2":"type-post","3":"status-publish","4":"format-standard","5":"has-post-thumbnail","7":"category-aktualitet"},"_links":{"self":[{"href":"https:\/\/zjarr.tv\/sq\/wp-json\/wp\/v2\/posts\/189275","targetHints":{"allow":["GET"]}}],"collection":[{"href":"https:\/\/zjarr.tv\/sq\/wp-json\/wp\/v2\/posts"}],"about":[{"href":"https:\/\/zjarr.tv\/sq\/wp-json\/wp\/v2\/types\/post"}],"author":[{"embeddable":true,"href":"https:\/\/zjarr.tv\/sq\/wp-json\/wp\/v2\/users\/2030"}],"replies":[{"embeddable":true,"href":"https:\/\/zjarr.tv\/sq\/wp-json\/wp\/v2\/comments?post=189275"}],"version-history":[{"count":0,"href":"https:\/\/zjarr.tv\/sq\/wp-json\/wp\/v2\/posts\/189275\/revisions"}],"wp:featuredmedia":[{"embeddable":true,"href":"https:\/\/zjarr.tv\/sq\/wp-json\/wp\/v2\/media\/189276"}],"wp:attachment":[{"href":"https:\/\/zjarr.tv\/sq\/wp-json\/wp\/v2\/media?parent=189275"}],"wp:term":[{"taxonomy":"category","embeddable":true,"href":"https:\/\/zjarr.tv\/sq\/wp-json\/wp\/v2\/categories?post=189275"},{"taxonomy":"post_tag","embeddable":true,"href":"https:\/\/zjarr.tv\/sq\/wp-json\/wp\/v2\/tags?post=189275"}],"curies":[{"name":"wp","href":"https:\/\/api.w.org\/{rel}","templated":true}]}}