{"id":189287,"date":"2021-06-18T16:00:36","date_gmt":"2021-06-18T14:00:36","guid":{"rendered":"https:\/\/zjarr.tv\/?p=189287"},"modified":"2021-06-18T16:00:36","modified_gmt":"2021-06-18T14:00:36","slug":"ardi-veliu-dhe-homologu-kosovar-nenshkruajne-memorandumin-e-bashkepunimit-te-kontribuojme-ne-forcimin-e-sigurise-te-dy-vendeve","status":"publish","type":"post","link":"https:\/\/zjarr.tv\/sq\/ardi-veliu-dhe-homologu-kosovar-nenshkruajne-memorandumin-e-bashkepunimit-te-kontribuojme-ne-forcimin-e-sigurise-te-dy-vendeve\/","title":{"rendered":"Ardi Veliu dhe homologu kosovar n\u00ebnshkruajn\u00eb \u201cMemorandumin e Bashk\u00ebpunimit\u201d: T\u00eb kontribuojm\u00eb n\u00eb forcimin e siguris\u00eb t\u00eb dy vendeve"},"content":{"rendered":"<p style=\"background: white; margin: 0in 0in 19.5pt 0in;\">Drejtori i P\u00ebrgjithsh\u00ebm i Policis\u00eb s\u00eb Kosov\u00ebs Samedin Mehmeti, i shoq\u00ebruar nga drejtues t\u00eb tjer\u00eb t\u00eb lart\u00eb t\u00eb Policis\u00eb s\u00eb Kosov\u00ebs \u00ebsht\u00eb pritur sot nga homologu i tij Ardi Veliu n\u00eb Drejtorin\u00eb e P\u00ebrgjithsh\u00ebm t\u00eb Policis\u00eb s\u00eb Shtetit.<\/p>\n<p style=\"background: white; -webkit-tap-highlight-color: transparent !important; box-sizing: border-box; overflow-wrap: break-word; font-variant-ligatures: normal; font-variant-caps: normal; orphans: 2; widows: 2; -webkit-text-stroke-width: 0px; text-decoration-thickness: initial; text-decoration-style: initial; text-decoration-color: initial; word-spacing: 0px; margin: 0in 0in 19.5pt 0in;\">N\u00eb k\u00ebt\u00eb takim ishte i pranish\u00ebm edhe ambasadori i Republik\u00ebs s\u00eb Kosov\u00ebs n\u00eb Shqip\u00ebri, Nait Hasani.<\/p>\n<p style=\"background: white; -webkit-tap-highlight-color: transparent !important; box-sizing: border-box; overflow-wrap: break-word; font-variant-ligatures: normal; font-variant-caps: normal; orphans: 2; widows: 2; -webkit-text-stroke-width: 0px; text-decoration-thickness: initial; text-decoration-style: initial; text-decoration-color: initial; word-spacing: 0px; margin: 0in 0in 19.5pt 0in;\">Veliu dhe Mehmeti kan\u00eb n\u00ebnshkruar Memorandumin e Bashk\u00ebpunimit \u201cP\u00ebr organizimin e sh\u00ebrbimeve t\u00eb p\u00ebrbashk\u00ebta t\u00eb policimit rrugor mes Policis\u00eb s\u00eb Kosov\u00ebs dhe Policis\u00eb s\u00eb Shtetit\u201d.<\/p>\n<p style=\"background: white; -webkit-tap-highlight-color: transparent !important; box-sizing: border-box; overflow-wrap: break-word; font-variant-ligatures: normal; font-variant-caps: normal; orphans: 2; widows: 2; -webkit-text-stroke-width: 0px; text-decoration-thickness: initial; text-decoration-style: initial; text-decoration-color: initial; word-spacing: 0px; margin: 0in 0in 19.5pt 0in;\">Gjat\u00eb takimit, Veliu dhe Mehmeti kan\u00eb vler\u00ebsuar marr\u00ebdh\u00ebniet e shk\u00eblqyera mes dy policive, duke u dakord\u00ebsuar q\u00eb ky bashk\u00ebpunim i shk\u00eblqyer, kryesisht n\u00eb fush\u00ebn e siguris\u00eb rrugore, por edhe t\u00eb shk\u00ebmbimit t\u00eb informacionit, t\u00eb shtrihet n\u00eb t\u00eb gjitha fushat.<\/p>\n<p style=\"background: white; -webkit-tap-highlight-color: transparent !important; box-sizing: border-box; overflow-wrap: break-word; font-variant-ligatures: normal; font-variant-caps: normal; orphans: 2; widows: 2; -webkit-text-stroke-width: 0px; text-decoration-thickness: initial; text-decoration-style: initial; text-decoration-color: initial; word-spacing: 0px; margin: 0in 0in 19.5pt 0in;\"><em>\u201cMir\u00eb se keni ardhur dhe sinqerisht ndihem shum\u00eb mir\u00eb, q\u00eb mbas vizit\u00ebs q\u00eb ne zhvilluam muajin e kaluar n\u00eb Prishtin\u00eb, ju e gjet\u00ebt koh\u00ebn dhe mund\u00ebsin\u00eb q\u00eb t\u2019i p\u00ebrgjigjeshit edhe k\u00ebrkes\u00ebs ton\u00eb, q\u00eb ne mbas nj\u00eb situate jasht\u00ebzakonisht t\u00eb v\u00ebshtir\u00eb q\u00eb Shqip\u00ebria dhe Kosova kaloi me pandemin\u00eb e COVID-19, gradualisht po i kthehemi realitetit ku t\u00eb kontribuojm\u00eb jo vet\u00ebm p\u00ebr forcimin e rendit e siguris\u00eb n\u00eb dy vende, por dhe t\u00eb ndikojm\u00eb pozitivisht n\u00eb nxitjen dhe mb\u00ebshtetjen e zhvillimit q\u00eb po i japim turizmit n\u00eb vendin ton\u00eb. N\u00eb rastin konkret \u00ebsht\u00eb firmosja, vazhdimi i tradit\u00ebs prej disa vitesh i firmosjes s\u00eb memorandumit apo marr\u00ebveshjes s\u00eb p\u00ebrbashk\u00ebt n\u00eb lidhje me ardhjen e patrullave policore t\u00eb Policis\u00eb s\u00eb Kosov\u00ebs n\u00eb mb\u00ebshtetje t\u00eb strukturave t\u00eb Policis\u00eb s\u00eb Shqip\u00ebris\u00eb dhe m\u00eb konkretisht n\u00eb ato t\u00eb Policis\u00eb Rrugore. Prezenca e Patrullave t\u00eb Policis\u00eb s\u00eb Kosov\u00ebs ndoshta \u00ebsht\u00eb pak simbolike p\u00ebrsa i p\u00ebrket numrit apo mjeteve, por mendoj q\u00eb prezenca e sh\u00ebrbimeve tuaja s\u00eb bashku me sh\u00ebrbimet tona jo vet\u00ebm q\u00eb ndikojn\u00eb n\u00eb rritjen e siguris\u00eb, por ofrojn\u00eb dhe nj\u00eb ngroht\u00ebsi apo nj\u00eb vler\u00ebsim a ndjeshm\u00ebri t\u00eb qytetar\u00ebve t\u00eb Kosov\u00ebs, n\u00eb drejtim t\u00eb bashk\u00ebpunimit me sh\u00ebrbimet e Policis\u00eb tonat dhe tuajat s\u00eb bashku. Kemi p\u00ebrgatitur nj\u00eb kontingjent flet\u00ebpalosjesh t\u00eb cilat do t\u2019i vendosim dhe do t\u2019i shp\u00ebrndajm\u00eb n\u00eb vendkalime duke b\u00ebr\u00eb thirrje q\u00eb qytetar\u00ebt sa her\u00eb t\u00eb ken\u00eb nevoj\u00eb, n\u00eb rast se do t\u00eb jet\u00eb e nevojshme dhe duan prezenc\u00ebn e Policis\u00eb t\u00eb dijn\u00eb se si t\u00eb orientohen, ku t\u00eb telefonojn\u00eb, \u00e7far\u00eb numrash telefoni apo \u00e7far\u00eb aplikacioni t\u00eb p\u00ebrdorin dhe n\u00eb rast se do t\u00eb ken\u00eb nevoj\u00eb q\u00eb ne t\u2019u p\u00ebrgjigjemi n\u00eb koh\u00ebn e par\u00eb\u201d,<\/em> u shpreh Ardi Veliu gjat\u00eb takimit.<\/p>\n<p style=\"background: white; -webkit-tap-highlight-color: transparent !important; box-sizing: border-box; overflow-wrap: break-word; font-variant-ligatures: normal; font-variant-caps: normal; orphans: 2; widows: 2; -webkit-text-stroke-width: 0px; text-decoration-thickness: initial; text-decoration-style: initial; text-decoration-color: initial; word-spacing: 0px; margin: 0in 0in 19.5pt 0in;\">Nd\u00ebrsa, drejtori i P\u00ebrgjithsh\u00ebm i Policis\u00eb s\u00eb Kosov\u00ebs, Samedin Mehmeti, falenderoi\u00a0 policin\u00eb shqiptare p\u00ebr bashk\u00ebpunimin dhe shk\u00ebmbimin e p\u00ebrvojave m\u00eb t\u00eb mira t\u00eb mundshme.<\/p>\n<p style=\"background: white; -webkit-tap-highlight-color: transparent !important; box-sizing: border-box; overflow-wrap: break-word; font-variant-ligatures: normal; font-variant-caps: normal; orphans: 2; widows: 2; -webkit-text-stroke-width: 0px; text-decoration-thickness: initial; text-decoration-style: initial; text-decoration-color: initial; word-spacing: 0px; margin: 0in 0in 19.5pt 0in;\">\u201c<em>\u00cbsht\u00eb nder, \u00ebsht\u00eb privilegj, \u00ebsht\u00eb k\u00ebnaq\u00ebsi t\u00eb jem n\u00eb Drejtorin\u00eb e P\u00ebrgjithshme t\u00eb Policis\u00eb s\u00eb Shqip\u00ebris\u00eb, p\u00ebr t\u00eb n\u00ebnshkruar nj\u00eb marr\u00ebveshje t\u00eb till\u00eb. Polic\u00ebt tan\u00eb kan\u00eb operuar s\u00eb bashku me koleg\u00ebt e tyre shqiptar\u00eb dhe kan\u00eb shk\u00ebmbyer p\u00ebrvojat e tyre m\u00eb t\u00eb mira t\u00eb mundshme, kan\u00eb shk\u00ebmbyer informacione, jan\u00eb lidhur edhe ura miq\u00ebsie edhe ura v\u00ebllaz\u00ebrie mes tyre. Ata edhe sot e k\u00ebsaj dite mbajn\u00eb kontakte me nj\u00ebri-tjetrin, q\u00eb p\u00ebr neve \u00ebsht\u00eb shum\u00eb e r\u00ebnd\u00ebsishme\u201d. Natyrisht q\u00eb bashk\u00ebpunimi jon\u00eb nuk \u00ebsht\u00eb ngushtuar vet\u00ebm n\u00eb fush\u00ebn e trafikut, por edhe n\u00eb fusha t\u00eb tjera. Pat\u00ebm nj\u00eb operacion jasht\u00ebzakonisht t\u00eb mir\u00eb para disa dit\u00ebve, p\u00ebr \u00e7ka shfryt\u00ebzoj rastin q\u00eb edhe nj\u00ebher\u00eb t\u2019ju fal\u00ebnderoj juve dhe Policin\u00eb shqiptare, p\u00ebr pun\u00ebn jasht\u00ebzakonisht t\u00eb mir\u00eb q\u00eb e b\u00ebn\u00eb n\u00eb operacionin e konfiskimit t\u00eb narkotik\u00ebve gjat\u00eb periudh\u00ebs q\u00eb lam\u00eb pas. Qe nj\u00eb operacion q\u00eb rezultoi me nj\u00eb sukses t\u00eb jasht\u00ebzakonsh\u00ebm e q\u00eb \u00ebsht\u00eb \u00e7muar edhe nga partner\u00ebt nd\u00ebrkomb\u00ebtar\u00eb edhe besoj edhe nga gjith\u00eb t\u00eb tjer\u00ebt\u201d,<\/em> tha Samedin Mehmeti.<\/p>\n<p style=\"background: white; -webkit-tap-highlight-color: transparent !important; box-sizing: border-box; overflow-wrap: break-word; font-variant-ligatures: normal; font-variant-caps: normal; orphans: 2; widows: 2; -webkit-text-stroke-width: 0px; text-decoration-thickness: initial; text-decoration-style: initial; text-decoration-color: initial; word-spacing: 0px; margin: 0in 0in 19.5pt 0in;\"><em>\u201c\u00cbsht\u00eb e r\u00ebnd\u00ebsishme q\u00eb t\u00eb ket\u00eb siguri t\u00eb p\u00ebrbashk\u00ebt p\u00ebr qytetar\u00ebt tan\u00eb q\u00eb vijn\u00eb me pushime, \u00ebsht\u00eb nj\u00eb ngarkes\u00eb shum\u00eb e madhe e trafikut k\u00ebto dit\u00eb dhe po ashtu q\u00eb t\u00eb jemi bashk\u00ebrisht n\u00eb sigurin\u00eb dhe mbrojtjen e jet\u00ebs s\u00eb tyre. K\u00ebrkesa jon\u00eb gjithnj\u00eb ka me qen\u00eb q\u00eb ata q\u00eb vijn\u00eb me pushime nga nj\u00eb gazmend, nga nj\u00eb k\u00ebnaq\u00ebsi q\u00eb e kalojn\u00eb mos t\u00eb kthehet n\u00eb tragjedi dhe me mbet pjes\u00eb e rrug\u00ebve. Prandaj ky memorandum i bashk\u00ebpunimit \u00ebsht\u00eb i mir\u00ebseardhur, por n\u00eb t\u00eb nj\u00ebjt\u00ebn koh\u00eb un\u00eb kisha p\u00ebr t\u00eb propozuar q\u00eb t\u00eb kemi edhe polic shqiptar q\u00eb t\u00eb kishin dal\u00eb n\u00ebp\u00ebr Prizren, n\u00ebp\u00ebr Gjakov\u00eb, vijat kufitare ose diku atje q\u00eb del, dhe atje t\u00eb njihet prezenca e Policis\u00eb shqiptare. N\u00eb fund t\u00eb takimit, dy Drejtor\u00ebt e P\u00ebrgjithsh\u00ebm n\u00ebnshkruan Memorandumin e Bashk\u00ebpunimit p\u00ebr patrullime t\u00eb p\u00ebrbashk\u00ebta t\u00eb Policis\u00eb Rrugore shqiptare dhe asaj kosovare\u201d<\/em>, deklaroi ambasadori Nait Hasani.<\/p>\n","protected":false},"excerpt":{"rendered":"<p>Drejtori i P\u00ebrgjithsh\u00ebm i Policis\u00eb s\u00eb Kosov\u00ebs Samedin Mehmeti, i shoq\u00ebruar nga drejtues t\u00eb tjer\u00eb t\u00eb lart\u00eb t\u00eb Policis\u00eb s\u00eb Kosov\u00ebs \u00ebsht\u00eb pritur sot nga homologu i tij Ardi Veliu n\u00eb Drejtorin\u00eb e P\u00ebrgjithsh\u00ebm t\u00eb Policis\u00eb s\u00eb Shtetit. N\u00eb k\u00ebt\u00eb takim ishte i pranish\u00ebm edhe ambasadori i Republik\u00ebs s\u00eb Kosov\u00ebs n\u00eb Shqip\u00ebri, Nait Hasani. Veliu [&hellip;]<\/p>\n","protected":false},"author":2030,"featured_media":189288,"comment_status":"closed","ping_status":"closed","sticky":false,"template":"","format":"standard","meta":{"footnotes":""},"categories":[241],"tags":[],"class_list":{"0":"post-189287","1":"post","2":"type-post","3":"status-publish","4":"format-standard","5":"has-post-thumbnail","7":"category-aktualitet"},"_links":{"self":[{"href":"https:\/\/zjarr.tv\/sq\/wp-json\/wp\/v2\/posts\/189287","targetHints":{"allow":["GET"]}}],"collection":[{"href":"https:\/\/zjarr.tv\/sq\/wp-json\/wp\/v2\/posts"}],"about":[{"href":"https:\/\/zjarr.tv\/sq\/wp-json\/wp\/v2\/types\/post"}],"author":[{"embeddable":true,"href":"https:\/\/zjarr.tv\/sq\/wp-json\/wp\/v2\/users\/2030"}],"replies":[{"embeddable":true,"href":"https:\/\/zjarr.tv\/sq\/wp-json\/wp\/v2\/comments?post=189287"}],"version-history":[{"count":0,"href":"https:\/\/zjarr.tv\/sq\/wp-json\/wp\/v2\/posts\/189287\/revisions"}],"wp:featuredmedia":[{"embeddable":true,"href":"https:\/\/zjarr.tv\/sq\/wp-json\/wp\/v2\/media\/189288"}],"wp:attachment":[{"href":"https:\/\/zjarr.tv\/sq\/wp-json\/wp\/v2\/media?parent=189287"}],"wp:term":[{"taxonomy":"category","embeddable":true,"href":"https:\/\/zjarr.tv\/sq\/wp-json\/wp\/v2\/categories?post=189287"},{"taxonomy":"post_tag","embeddable":true,"href":"https:\/\/zjarr.tv\/sq\/wp-json\/wp\/v2\/tags?post=189287"}],"curies":[{"name":"wp","href":"https:\/\/api.w.org\/{rel}","templated":true}]}}