{"id":189291,"date":"2021-06-18T16:11:44","date_gmt":"2021-06-18T14:11:44","guid":{"rendered":"https:\/\/zjarr.tv\/?p=189291"},"modified":"2021-06-18T16:11:44","modified_gmt":"2021-06-18T14:11:44","slug":"ke-hoqi-kufizimet-per-shqiperine-xhacka-shqiptaret-mund-te-udhetojne-njesoj-si-qytetaret-e-be","status":"publish","type":"post","link":"https:\/\/zjarr.tv\/sq\/ke-hoqi-kufizimet-per-shqiperine-xhacka-shqiptaret-mund-te-udhetojne-njesoj-si-qytetaret-e-be\/","title":{"rendered":"KE hoqi kufizimet p\u00ebr Shqip\u00ebrin\u00eb, Xha\u00e7ka: Shqiptar\u00ebt mund t\u00eb udh\u00ebtojn\u00eb nj\u00ebsoj si qytetar\u00ebt e BE"},"content":{"rendered":"<p style=\"background: white; margin: 0in 0in 19.5pt 0in;\">Ministrja e Pun\u00ebve t\u00eb Jashtme, Olta Xha\u00e7ka ka p\u00ebrg\u00ebzuar vendimin e K\u00ebshillit Europian p\u00ebr t\u00eb p\u00ebrfshir\u00eb Shqip\u00ebrin\u00eb n\u00eb vendet, t\u00eb cilave u rekomandohet t\u2019u hiqen kufizimet e udh\u00ebtimit.<\/p>\n<p style=\"background: white; -webkit-tap-highlight-color: transparent !important; box-sizing: border-box; overflow-wrap: break-word; font-variant-ligatures: normal; font-variant-caps: normal; orphans: 2; widows: 2; -webkit-text-stroke-width: 0px; text-decoration-thickness: initial; text-decoration-style: initial; text-decoration-color: initial; word-spacing: 0px; margin: 0in 0in 19.5pt 0in;\">N\u00eb nj\u00eb reagim n\u00eb Facebook, Xha\u00e7ka shprehet se tashm\u00eb qytetar\u00ebt shqiptar\u00eb mund t\u00eb udh\u00ebtojn\u00eb drejt BE me t\u00eb nj\u00ebjtat rregulla q\u00eb vlejn\u00eb edhe p\u00ebr qytetar\u00ebt e Bashkimit Evropian.<\/p>\n<p style=\"background: white; -webkit-tap-highlight-color: transparent !important; box-sizing: border-box; overflow-wrap: break-word; font-variant-ligatures: normal; font-variant-caps: normal; orphans: 2; widows: 2; -webkit-text-stroke-width: 0px; text-decoration-thickness: initial; text-decoration-style: initial; text-decoration-color: initial; word-spacing: 0px; margin: 0in 0in 19.5pt 0in;\">\u201cK\u00ebshilli i Bashkimit Evropian ka rekomanduar Shqip\u00ebrin\u00eb n\u00eb list\u00ebn e vendeve t\u00eb cilat mund t\u00eb rifillojn\u00eb l\u00ebvizjen e lir\u00eb drejt vendeve t\u00eb Bashkimit Evropian. Tashm\u00eb, qytetar\u00ebt shqiptar\u00eb mund t\u00eb udh\u00ebtojn\u00eb drejt vendeve t\u00eb Bashkimit Evropian sipas t\u00eb nj\u00ebjtit regjim me qytetar\u00ebt e BE. Nj\u00eb zhvillim shum\u00eb i r\u00ebnd\u00ebsish\u00ebm i cili njeh arritjet e Shqip\u00ebris\u00eb n\u00eb luft\u00ebn kund\u00ebr COVID-19. Kujdes! Disa prej vendeve t\u00eb BE mund t\u00eb ken\u00eb protokolle specifike edhe pas k\u00ebtij rekomandimi t\u00eb fundit, ndaj duhet t\u00eb lexoni informacionet e p\u00ebrdit\u00ebsuara rast pas rasti. N\u00eb linkun e m\u00ebposht\u00ebm, gjeni rekomandimin e sapopublikuar t\u00eb K\u00ebshillit\u201d, shkruan Xha\u00e7ka n\u00eb Facebook.<\/p>\n","protected":false},"excerpt":{"rendered":"<p>Ministrja e Pun\u00ebve t\u00eb Jashtme, Olta Xha\u00e7ka ka p\u00ebrg\u00ebzuar vendimin e K\u00ebshillit Europian p\u00ebr t\u00eb p\u00ebrfshir\u00eb Shqip\u00ebrin\u00eb n\u00eb vendet, t\u00eb cilave u rekomandohet t\u2019u hiqen kufizimet e udh\u00ebtimit. N\u00eb nj\u00eb reagim n\u00eb Facebook, Xha\u00e7ka shprehet se tashm\u00eb qytetar\u00ebt shqiptar\u00eb mund t\u00eb udh\u00ebtojn\u00eb drejt BE me t\u00eb nj\u00ebjtat rregulla q\u00eb vlejn\u00eb edhe p\u00ebr qytetar\u00ebt e Bashkimit [&hellip;]<\/p>\n","protected":false},"author":2030,"featured_media":189292,"comment_status":"closed","ping_status":"closed","sticky":false,"template":"","format":"standard","meta":{"footnotes":""},"categories":[241,1454],"tags":[],"class_list":{"0":"post-189291","1":"post","2":"type-post","3":"status-publish","4":"format-standard","5":"has-post-thumbnail","7":"category-aktualitet","8":"category-politike"},"_links":{"self":[{"href":"https:\/\/zjarr.tv\/sq\/wp-json\/wp\/v2\/posts\/189291","targetHints":{"allow":["GET"]}}],"collection":[{"href":"https:\/\/zjarr.tv\/sq\/wp-json\/wp\/v2\/posts"}],"about":[{"href":"https:\/\/zjarr.tv\/sq\/wp-json\/wp\/v2\/types\/post"}],"author":[{"embeddable":true,"href":"https:\/\/zjarr.tv\/sq\/wp-json\/wp\/v2\/users\/2030"}],"replies":[{"embeddable":true,"href":"https:\/\/zjarr.tv\/sq\/wp-json\/wp\/v2\/comments?post=189291"}],"version-history":[{"count":0,"href":"https:\/\/zjarr.tv\/sq\/wp-json\/wp\/v2\/posts\/189291\/revisions"}],"wp:featuredmedia":[{"embeddable":true,"href":"https:\/\/zjarr.tv\/sq\/wp-json\/wp\/v2\/media\/189292"}],"wp:attachment":[{"href":"https:\/\/zjarr.tv\/sq\/wp-json\/wp\/v2\/media?parent=189291"}],"wp:term":[{"taxonomy":"category","embeddable":true,"href":"https:\/\/zjarr.tv\/sq\/wp-json\/wp\/v2\/categories?post=189291"},{"taxonomy":"post_tag","embeddable":true,"href":"https:\/\/zjarr.tv\/sq\/wp-json\/wp\/v2\/tags?post=189291"}],"curies":[{"name":"wp","href":"https:\/\/api.w.org\/{rel}","templated":true}]}}