{"id":189295,"date":"2021-06-18T16:24:44","date_gmt":"2021-06-18T14:24:44","guid":{"rendered":"https:\/\/zjarr.tv\/?p=189295"},"modified":"2021-06-18T16:24:44","modified_gmt":"2021-06-18T14:24:44","slug":"yuri-kim-e-mban-fjalen-dhe-pi-kafe-me-fisartin-nga-tropoja-qe-e-quajti-kineze-gjithcka-filloi-me-nje-shaka-te-pafajshme","status":"publish","type":"post","link":"https:\/\/zjarr.tv\/sq\/yuri-kim-e-mban-fjalen-dhe-pi-kafe-me-fisartin-nga-tropoja-qe-e-quajti-kineze-gjithcka-filloi-me-nje-shaka-te-pafajshme\/","title":{"rendered":"Yuri Kim e mban FJAL\u00cbN dhe pi kafe me Fisartin nga Tropoja q\u00eb e quajti \u201ckineze\u201d: Gjith\u00e7ka filloi me nj\u00eb shaka t\u00eb pafajshme\u2026"},"content":{"rendered":"<p style=\"background: white; margin: 0in 0in 19.5pt 0in;\">Disa dit\u00eb m\u00eb par\u00eb Fisarti i la nj\u00eb koment jo dhe aq t\u00eb k\u00ebndsh\u00ebm ambasadores amerikane n\u00eb Tiran\u00eb, Yuri Kim, ku e ironizonte p\u00ebr \u201cdashurin\u00eb shqiptaro-kineze\u201d.<\/p>\n<p style=\"background: white; -webkit-tap-highlight-color: transparent !important; box-sizing: border-box; overflow-wrap: break-word; font-variant-ligatures: normal; font-variant-caps: normal; orphans: 2; widows: 2; -webkit-text-stroke-width: 0px; text-decoration-thickness: initial; text-decoration-style: initial; text-decoration-color: initial; word-spacing: 0px; margin: 0in 0in 19.5pt 0in;\">Por ashtu si\u00e7 premtoi publikisht, Kim e ka mbajtur fjal\u00ebn dhe \u00ebsht\u00eb takuar dit\u00ebn e sotme me t\u00eb riun nga Tropoja.<\/p>\n<p style=\"background: white; -webkit-tap-highlight-color: transparent !important; box-sizing: border-box; overflow-wrap: break-word; font-variant-ligatures: normal; font-variant-caps: normal; orphans: 2; widows: 2; -webkit-text-stroke-width: 0px; text-decoration-thickness: initial; text-decoration-style: initial; text-decoration-color: initial; word-spacing: 0px; margin: 0in 0in 19.5pt 0in;\">Kim thot\u00eb se komenti i tij e konfuzoi, por pas bised\u00ebs s\u00eb k\u00ebndshme \u201ct\u00eb ulur jasht\u00eb n\u00eb nj\u00eb dit\u00eb me diell\u201d, duket se gj\u00ebrat jan\u00eb m\u00eb t\u00eb qarta.<\/p>\n<p style=\"background: white; -webkit-tap-highlight-color: transparent !important; box-sizing: border-box; overflow-wrap: break-word; font-variant-ligatures: normal; font-variant-caps: normal; orphans: 2; widows: 2; -webkit-text-stroke-width: 0px; text-decoration-thickness: initial; text-decoration-style: initial; text-decoration-color: initial; word-spacing: 0px; margin: 0in 0in 19.5pt 0in;\">Megjithat\u00eb, ambasadorja Kim thot\u00eb se me t\u00eb diskutoi edhe p\u00ebr shum\u00eb \u00e7\u00ebshtje t\u00eb tjera me r\u00ebnd\u00ebsi p\u00ebr vendin ton\u00eb si sundimi dhe barazia e ligjit.<\/p>\n<p style=\"background: white; -webkit-tap-highlight-color: transparent !important; box-sizing: border-box; overflow-wrap: break-word; font-variant-ligatures: normal; font-variant-caps: normal; orphans: 2; widows: 2; -webkit-text-stroke-width: 0px; text-decoration-thickness: initial; text-decoration-style: initial; text-decoration-color: initial; word-spacing: 0px; margin: 0in 0in 19.5pt 0in;\">\u201cFisart \u00ebsht\u00eb nga Tropoja, nj\u00eb zon\u00eb me t\u00eb cil\u00ebn u dashurova kur vizitova nj\u00eb muaj m\u00eb par\u00eb; vendlindja e t\u00eb par\u00ebve t\u00eb mi \u00ebsht\u00eb n\u00eb malet e Kores\u00eb, por un\u00eb jam rritur n\u00eb nj\u00eb ishull tropikal\u201d, shprehet ambasadorja amerikane.<\/p>\n<p style=\"background: white; -webkit-tap-highlight-color: transparent !important; box-sizing: border-box; overflow-wrap: break-word; font-variant-ligatures: normal; font-variant-caps: normal; orphans: 2; widows: 2; -webkit-text-stroke-width: 0px; text-decoration-thickness: initial; text-decoration-style: initial; text-decoration-color: initial; word-spacing: 0px; margin: 0in 0in 19.5pt 0in;\"><strong>Ja \u00e7far\u00eb shkruan ambasadorja Kim:<\/strong><\/p>\n<p style=\"background: white; -webkit-tap-highlight-color: transparent !important; box-sizing: border-box; overflow-wrap: break-word; font-variant-ligatures: normal; font-variant-caps: normal; orphans: 2; widows: 2; -webkit-text-stroke-width: 0px; text-decoration-thickness: initial; text-decoration-style: initial; text-decoration-color: initial; word-spacing: 0px; margin: 0in 0in 19.5pt 0in;\">\u201cJav\u00ebn e kaluar, @ i.fisart b\u00ebri nj\u00eb koment n\u00eb lidhje me \u201cmiq\u00ebsin\u00eb shqiptaro-kineze\u201d q\u00eb m\u00eb \u00e7uditi. K\u00ebshtu q\u00eb e ftova p\u00ebr kafe. Ai pranoi. Sot, u ul\u00ebm jasht\u00eb n\u00eb diell dhe pim\u00eb nj\u00eb kafe dhe bised\u00eb shum\u00eb t\u00eb k\u00ebndshme p\u00ebr komentin, por edhe p\u00ebr shum\u00eb m\u00eb tep\u00ebr. Ne biseduam nga jemi dhe si na ka formuar ajo (Fisart \u00ebsht\u00eb nga Tropoja, nj\u00eb zon\u00eb me t\u00eb cil\u00ebn u dashurova kur vizitova zgjati nj\u00eb muaj; vendlindja ime e t\u00eb par\u00ebve \u00ebsht\u00eb n\u00eb malet e Kores\u00eb, por un\u00eb jam rritur n\u00eb nj\u00eb ishull tropikal).<\/p>\n<p style=\"background: white; -webkit-tap-highlight-color: transparent !important; box-sizing: border-box; overflow-wrap: break-word; font-variant-ligatures: normal; font-variant-caps: normal; orphans: 2; widows: 2; -webkit-text-stroke-width: 0px; text-decoration-thickness: initial; text-decoration-style: initial; text-decoration-color: initial; word-spacing: 0px; margin: 0in 0in 19.5pt 0in;\">M\u00ebsova pak m\u00eb shum\u00eb p\u00ebr t\u00eb kaluar\u00ebn e Shqip\u00ebris\u00eb dhe u preka kur Fisart m\u00eb tregoi se si Enver Hoxha dhe komunist\u00ebt u p\u00ebrpoq\u00ebn t\u00eb kontrollonin gjith\u00e7ka \u2013 financat, fen\u00eb, strehimin, vendet e pun\u00ebs \u2013 por ata kurr\u00eb nuk mund t\u00eb kontrollonin shpirtrat e njer\u00ebzve. Ne gjithashtu biseduam p\u00ebr sfidat me t\u00eb cilat p\u00ebrballen shqiptar\u00ebt e rregullt dhe ran\u00eb dakord q\u00eb sundimi i ligjit dhe barazia sipas ligjit jan\u00eb t\u00eb domosdoshme n\u00eb m\u00ebnyr\u00eb q\u00eb t\u00eb gjith\u00eb shqiptar\u00ebt, jo vet\u00ebm elita, t\u00eb ken\u00eb pun\u00eb me pages\u00eb t\u00eb mir\u00eb, t\u00eb kujdesen p\u00ebr familjet e tyre dhe t\u00eb kontribuojn\u00eb plot\u00ebsisht p\u00ebr t\u00eb ardhmen e vendit t\u00eb tyre. Gjith\u00e7ka filloi me nj\u00eb koment t\u00eb b\u00ebr\u00eb si nj\u00eb shaka t\u00eb pafajshme, por b\u00ebri t\u00eb mundur nj\u00eb bised\u00eb (dhe miq\u00ebsin\u00eb shqiptaro-amerikane!) Q\u00eb shpresoj t\u00eb vazhdoj\u00eb. Faleminderit, Fisart!<\/p>\n<p style=\"background: white; margin: 0in 0in 19.5pt 0in;\">\n","protected":false},"excerpt":{"rendered":"<p>Disa dit\u00eb m\u00eb par\u00eb Fisarti i la nj\u00eb koment jo dhe aq t\u00eb k\u00ebndsh\u00ebm ambasadores amerikane n\u00eb Tiran\u00eb, Yuri Kim, ku e ironizonte p\u00ebr \u201cdashurin\u00eb shqiptaro-kineze\u201d. Por ashtu si\u00e7 premtoi publikisht, Kim e ka mbajtur fjal\u00ebn dhe \u00ebsht\u00eb takuar dit\u00ebn e sotme me t\u00eb riun nga Tropoja. Kim thot\u00eb se komenti i tij e konfuzoi, [&hellip;]<\/p>\n","protected":false},"author":2030,"featured_media":189296,"comment_status":"closed","ping_status":"closed","sticky":false,"template":"","format":"standard","meta":{"footnotes":""},"categories":[241],"tags":[],"class_list":{"0":"post-189295","1":"post","2":"type-post","3":"status-publish","4":"format-standard","5":"has-post-thumbnail","7":"category-aktualitet"},"_links":{"self":[{"href":"https:\/\/zjarr.tv\/sq\/wp-json\/wp\/v2\/posts\/189295","targetHints":{"allow":["GET"]}}],"collection":[{"href":"https:\/\/zjarr.tv\/sq\/wp-json\/wp\/v2\/posts"}],"about":[{"href":"https:\/\/zjarr.tv\/sq\/wp-json\/wp\/v2\/types\/post"}],"author":[{"embeddable":true,"href":"https:\/\/zjarr.tv\/sq\/wp-json\/wp\/v2\/users\/2030"}],"replies":[{"embeddable":true,"href":"https:\/\/zjarr.tv\/sq\/wp-json\/wp\/v2\/comments?post=189295"}],"version-history":[{"count":0,"href":"https:\/\/zjarr.tv\/sq\/wp-json\/wp\/v2\/posts\/189295\/revisions"}],"wp:featuredmedia":[{"embeddable":true,"href":"https:\/\/zjarr.tv\/sq\/wp-json\/wp\/v2\/media\/189296"}],"wp:attachment":[{"href":"https:\/\/zjarr.tv\/sq\/wp-json\/wp\/v2\/media?parent=189295"}],"wp:term":[{"taxonomy":"category","embeddable":true,"href":"https:\/\/zjarr.tv\/sq\/wp-json\/wp\/v2\/categories?post=189295"},{"taxonomy":"post_tag","embeddable":true,"href":"https:\/\/zjarr.tv\/sq\/wp-json\/wp\/v2\/tags?post=189295"}],"curies":[{"name":"wp","href":"https:\/\/api.w.org\/{rel}","templated":true}]}}