{"id":189405,"date":"2021-06-19T11:29:10","date_gmt":"2021-06-19T09:29:10","guid":{"rendered":"https:\/\/zjarr.tv\/?p=189405"},"modified":"2021-06-19T11:29:37","modified_gmt":"2021-06-19T09:29:37","slug":"takimi-i-lidereve-te-ballkanit-perendimore-ne-vjene-balluku-bashkebisedim-me-kryeministrin-e-maqedonise-se-veriut","status":"publish","type":"post","link":"https:\/\/zjarr.tv\/sq\/takimi-i-lidereve-te-ballkanit-perendimore-ne-vjene-balluku-bashkebisedim-me-kryeministrin-e-maqedonise-se-veriut\/","title":{"rendered":"Takimi i Lider\u00ebve t\u00eb Ballkanit Per\u00ebndimor n\u00eb Vjen\u00eb\/ Balluku bashk\u00ebbisedim me Kryeministrin e Maqedonis\u00eb s\u00eb Veriut\u2026"},"content":{"rendered":"<p style=\"background: white; margin: 0in 0in 19.5pt 0in;\"><span style=\"color: #222222;\">Ministrja e Infrastruktur\u00ebs Belinda Balluku, ka zhvilluar n\u00eb Vjen\u00eb nj\u00eb bashk\u00ebbisedmim me Kryeministrin e Maqedonis\u00eb s\u00eb Veriut, Zoran Zaev.<\/span><\/p>\n<p style=\"background: white; -webkit-tap-highlight-color: transparent !important; box-sizing: border-box; overflow-wrap: break-word; font-variant-ligatures: normal; font-variant-caps: normal; orphans: 2; widows: 2; -webkit-text-stroke-width: 0px; text-decoration-thickness: initial; text-decoration-style: initial; text-decoration-color: initial; word-spacing: 0px; margin: 0in 0in 19.5pt 0in;\"><span style=\"color: #222222;\">Bised\u00ebn me Zaev, Balluku ka zhvilluar gjat\u00eb takimit t\u00eb Lider\u00ebve t\u00eb Ballkanit Per\u00ebndimor\u00eb. Ministrja shkruan se me Zaev bashk\u00ebbiseduan p\u00ebr \u201cjet\u00ebsimin e korridotit t\u00eb VIII q\u00eb \u00ebsht\u00eb projekti m\u00eb ambicioz mes vendeve tona dhe ne kemi nj\u00eb plan t\u00eb qart\u00eb p\u00ebr zbatimin e tij\u201d.<\/span><\/p>\n<p style=\"background: white; -webkit-tap-highlight-color: transparent !important; box-sizing: border-box; overflow-wrap: break-word; font-variant-ligatures: normal; font-variant-caps: normal; orphans: 2; widows: 2; -webkit-text-stroke-width: 0px; text-decoration-thickness: initial; text-decoration-style: initial; text-decoration-color: initial; word-spacing: 0px; margin: 0in 0in 19.5pt 0in;\"><span style=\"color: #222222;\">Gjat\u00eb takimit t\u00eb Lider\u00ebve t\u00eb Ballkanit Per\u00ebndimor, zhvilluar n\u00eb Vjen\u00eb, pata mund\u00ebsin\u00eb p\u00ebr t\u00eb diskutuar nga af\u00ebr bashk\u00ebpunimin ton\u00eb rajonal me\u00a0 Kryeministrin e Maqedonis\u00eb s\u00eb Veriut, Zoran Zaev. Jet\u00ebsimi i koridorit t\u00eb VIII \u00ebsht\u00eb projekti m\u00eb ambicioz mes vendeve tona dhe ne kemi nj\u00eb plan t\u00eb qart\u00eb p\u00ebr zbatimin e tij.<\/span><\/p>\n<p style=\"background: white; -webkit-tap-highlight-color: transparent !important; box-sizing: border-box; overflow-wrap: break-word; font-variant-ligatures: normal; font-variant-caps: normal; orphans: 2; widows: 2; -webkit-text-stroke-width: 0px; text-decoration-thickness: initial; text-decoration-style: initial; text-decoration-color: initial; word-spacing: 0px; margin: 0in 0in 19.5pt 0in;\"><span style=\"color: #222222;\">Kujtojm\u00eb q\u00eb n\u00eb takimin e lider\u00ebve t\u00eb Ballkanit Per\u00ebndimor\u00eb, mungon Kryeministri Edi Rama, i cili ndodhet n\u00eb Franc\u00eb dhe do t\u00eb zhvilloj\u00eb atje takime me zyrtar\u00eb t\u00eb lart\u00eb francez\u00eb, me synimin q\u00eb t\u00eb marr\u00eb \u201cOK\u201d edhe nga Franca p\u00ebr hapjen e negociatave t\u00eb Shqi\u00ebpris\u00eb me Bashkimin Europian, por \u00ebsht\u00eb z\u00ebvend\u00ebsuar jo nga zv.kryeministri Erion Bra\u00e7e, por nga Ministrja e Energjitik\u00ebs dhe Infrastruktur\u00ebs, Belinda Balluku.<\/span><\/p>\n","protected":false},"excerpt":{"rendered":"<p>Ministrja e Infrastruktur\u00ebs Belinda Balluku, ka zhvilluar n\u00eb Vjen\u00eb nj\u00eb bashk\u00ebbisedmim me Kryeministrin e Maqedonis\u00eb s\u00eb Veriut, Zoran Zaev. Bised\u00ebn me Zaev, Balluku ka zhvilluar gjat\u00eb takimit t\u00eb Lider\u00ebve t\u00eb Ballkanit Per\u00ebndimor\u00eb. Ministrja shkruan se me Zaev bashk\u00ebbiseduan p\u00ebr \u201cjet\u00ebsimin e korridotit t\u00eb VIII q\u00eb \u00ebsht\u00eb projekti m\u00eb ambicioz mes vendeve tona dhe ne kemi [&hellip;]<\/p>\n","protected":false},"author":2016,"featured_media":189407,"comment_status":"closed","ping_status":"closed","sticky":false,"template":"","format":"standard","meta":{"footnotes":""},"categories":[241],"tags":[3901],"class_list":{"0":"post-189405","1":"post","2":"type-post","3":"status-publish","4":"format-standard","5":"has-post-thumbnail","7":"category-aktualitet","8":"tag-lajme-zjarr-takimi-i-lidereve-te-ballkanit-perendimore-ne-vjene-zjarr-tv"},"_links":{"self":[{"href":"https:\/\/zjarr.tv\/sq\/wp-json\/wp\/v2\/posts\/189405","targetHints":{"allow":["GET"]}}],"collection":[{"href":"https:\/\/zjarr.tv\/sq\/wp-json\/wp\/v2\/posts"}],"about":[{"href":"https:\/\/zjarr.tv\/sq\/wp-json\/wp\/v2\/types\/post"}],"author":[{"embeddable":true,"href":"https:\/\/zjarr.tv\/sq\/wp-json\/wp\/v2\/users\/2016"}],"replies":[{"embeddable":true,"href":"https:\/\/zjarr.tv\/sq\/wp-json\/wp\/v2\/comments?post=189405"}],"version-history":[{"count":0,"href":"https:\/\/zjarr.tv\/sq\/wp-json\/wp\/v2\/posts\/189405\/revisions"}],"wp:featuredmedia":[{"embeddable":true,"href":"https:\/\/zjarr.tv\/sq\/wp-json\/wp\/v2\/media\/189407"}],"wp:attachment":[{"href":"https:\/\/zjarr.tv\/sq\/wp-json\/wp\/v2\/media?parent=189405"}],"wp:term":[{"taxonomy":"category","embeddable":true,"href":"https:\/\/zjarr.tv\/sq\/wp-json\/wp\/v2\/categories?post=189405"},{"taxonomy":"post_tag","embeddable":true,"href":"https:\/\/zjarr.tv\/sq\/wp-json\/wp\/v2\/tags?post=189405"}],"curies":[{"name":"wp","href":"https:\/\/api.w.org\/{rel}","templated":true}]}}