{"id":189410,"date":"2021-06-19T11:37:55","date_gmt":"2021-06-19T09:37:55","guid":{"rendered":"https:\/\/zjarr.tv\/?p=189410"},"modified":"2021-06-19T11:37:55","modified_gmt":"2021-06-19T09:37:55","slug":"lefter-maliqi-terhiqet-nga-politika-zbulon-vendimin-qe-ka-marre-ne-shtator-do-te","status":"publish","type":"post","link":"https:\/\/zjarr.tv\/sq\/lefter-maliqi-terhiqet-nga-politika-zbulon-vendimin-qe-ka-marre-ne-shtator-do-te\/","title":{"rendered":"Lefter Maliqi t\u00ebrhiqet nga politika, zbulon vendimin q\u00eb ka marr\u00eb: N\u00eb Shtator do t\u00eb\u2026"},"content":{"rendered":"<p>Deputeti Lefter Maliqi, i cili nuk fitoi dot nj\u00eb mandat p\u00ebr t\u00eb qen\u00eb n\u00eb Kuvend n\u00eb kat\u00ebr vitet e ardhshme, njofton se do t\u00eb t\u00ebrhiqet p\u00ebrkoh\u00ebsisht nga jeta politike, p\u00ebr t\u2019u rikthyer me forca t\u00eb reja n\u00eb Shtator.<\/p>\n<p>Maliqi shprehet se n\u00eb Shtator, ai do t\u00eb jet\u00eb n\u00eb krah t\u00eb opozit\u00ebs s\u00eb bashkuar, nd\u00ebrsa shprehet krenar p\u00ebr t\u00eb gjitha q\u00ebndrimet q\u00eb ka mbajtur n\u00eb k\u00ebto vite n\u00eb Parlament, ku e cil\u00ebson veten nj\u00eb denoncues t\u00eb fort\u00eb t\u00eb oligark\u00ebve dhe korrupsionit.<\/p>\n<p><strong>Postimi i plot\u00eb i Maliqit:<\/strong><\/p>\n<p><em>Te dashur miq real\u00eb e virtual\u00eb, duke ju uruar nj\u00eb sezon t\u00eb bukur veror, d\u00ebshiroj t\u2019iu b\u00ebj me dije se, do t\u00eb shk\u00ebputem p\u00ebrkoh\u00ebsisht nga intervistat, koferencat p\u00ebr shtyp, fjalimet ne Parlament, apo debate n\u00eb TV. K\u00ebto dit\u00eb vere, do t\u00eb jen\u00eb dit\u00eb reflektimi, qet\u00ebsie, e rigjenerimi.<\/em><\/p>\n<p><em>N\u00eb shtator, do t\u00eb jem p\u00ebrkrah opozit\u00ebs s\u00eb bashkuar me plot energji dhe i gatsh\u00ebm p\u00ebr sfidat politike, elektorale q\u00eb na presin. Jam krenar q\u00eb p\u00ebr thuajse 3 vite, kam q\u00ebn\u00eb nj\u00eb opozitar i fort\u00eb n\u00eb parlament e gjithashtu n\u00eb media, p\u00ebr t\u00eb denoncuar oligark\u00ebt, qeverin\u00eb e korrupsionin e \u00e7do hallke t\u00eb saj. K\u00ebt\u00eb e kam b\u00ebr\u00eb si qytetar i devotsh\u00ebm e i p\u00ebrgjegjsh\u00ebm por edhe i nxitur nga formimi im intelektual dhe background-i jet\u00ebsor.<\/em><\/p>\n<p><em>P\u00ebrvoja ime 8-vje\u00e7are si drejtues policie, ajo 1-vje\u00e7are si drejtues i burgjeve shoq\u00ebruar me pervoj\u00ebn e mjaftueshme p\u00ebr 7 vite deputet dhe 3 vite si kryetar i pushtetit vendor, m\u00eb kan\u00eb pajisur me aft\u00ebsit\u00eb dhe forc\u00ebn p\u00ebr t\u2019iu b\u00ebr\u00eb ball\u00eb sfidave t\u00eb ardhshme, por edhe me besimin se dit\u00eb m\u00eb t\u00eb mira na presin. Me respekt e mir\u00ebnjohje ju uroj nj\u00eb sezon t\u00eb bukur veror; e gjithashtu ju garantoj se zhvillimet politike e jet\u00ebsore q\u00eb na presin, do t\u00eb jen\u00eb po aq t\u00eb nxehta e inspiruese.<\/em><\/p>\n","protected":false},"excerpt":{"rendered":"<p>Deputeti Lefter Maliqi, i cili nuk fitoi dot nj\u00eb mandat p\u00ebr t\u00eb qen\u00eb n\u00eb Kuvend n\u00eb kat\u00ebr vitet e ardhshme, njofton se do t\u00eb t\u00ebrhiqet p\u00ebrkoh\u00ebsisht nga jeta politike, p\u00ebr t\u2019u rikthyer me forca t\u00eb reja n\u00eb Shtator. Maliqi shprehet se n\u00eb Shtator, ai do t\u00eb jet\u00eb n\u00eb krah t\u00eb opozit\u00ebs s\u00eb bashkuar, nd\u00ebrsa shprehet [&hellip;]<\/p>\n","protected":false},"author":2016,"featured_media":189412,"comment_status":"closed","ping_status":"closed","sticky":false,"template":"","format":"standard","meta":{"footnotes":""},"categories":[241],"tags":[3902],"class_list":{"0":"post-189410","1":"post","2":"type-post","3":"status-publish","4":"format-standard","5":"has-post-thumbnail","7":"category-aktualitet","8":"tag-lajme-zjarr-lefter-maliqi-terhiqet-nga-politika-zjarr-tv"},"_links":{"self":[{"href":"https:\/\/zjarr.tv\/sq\/wp-json\/wp\/v2\/posts\/189410","targetHints":{"allow":["GET"]}}],"collection":[{"href":"https:\/\/zjarr.tv\/sq\/wp-json\/wp\/v2\/posts"}],"about":[{"href":"https:\/\/zjarr.tv\/sq\/wp-json\/wp\/v2\/types\/post"}],"author":[{"embeddable":true,"href":"https:\/\/zjarr.tv\/sq\/wp-json\/wp\/v2\/users\/2016"}],"replies":[{"embeddable":true,"href":"https:\/\/zjarr.tv\/sq\/wp-json\/wp\/v2\/comments?post=189410"}],"version-history":[{"count":0,"href":"https:\/\/zjarr.tv\/sq\/wp-json\/wp\/v2\/posts\/189410\/revisions"}],"wp:featuredmedia":[{"embeddable":true,"href":"https:\/\/zjarr.tv\/sq\/wp-json\/wp\/v2\/media\/189412"}],"wp:attachment":[{"href":"https:\/\/zjarr.tv\/sq\/wp-json\/wp\/v2\/media?parent=189410"}],"wp:term":[{"taxonomy":"category","embeddable":true,"href":"https:\/\/zjarr.tv\/sq\/wp-json\/wp\/v2\/categories?post=189410"},{"taxonomy":"post_tag","embeddable":true,"href":"https:\/\/zjarr.tv\/sq\/wp-json\/wp\/v2\/tags?post=189410"}],"curies":[{"name":"wp","href":"https:\/\/api.w.org\/{rel}","templated":true}]}}