{"id":189414,"date":"2021-06-19T11:47:39","date_gmt":"2021-06-19T09:47:39","guid":{"rendered":"https:\/\/zjarr.tv\/?p=189414"},"modified":"2021-06-19T11:47:39","modified_gmt":"2021-06-19T09:47:39","slug":"dje-u-njoftua-hapja-e-kufijve-per-te-gjitha-kategorite-greqia-nderron-mendje-lejohet-te-kalojne-vetem-punetoret-sezonale-ne-kapshtice-turiset-duhet-te","status":"publish","type":"post","link":"https:\/\/zjarr.tv\/sq\/dje-u-njoftua-hapja-e-kufijve-per-te-gjitha-kategorite-greqia-nderron-mendje-lejohet-te-kalojne-vetem-punetoret-sezonale-ne-kapshtice-turiset-duhet-te\/","title":{"rendered":"Dje u njoftua hapja e kufijve p\u00ebr t\u00eb gjitha kategorit\u00eb, Greqia nd\u00ebrron mendje, lejohet t\u00eb kalojn\u00eb vet\u00ebm pun\u00ebtor\u00ebt sezonal\u00eb n\u00eb Kapshtic\u00eb, turis\u00ebt duhet t\u00eb\u2026"},"content":{"rendered":"<p style=\"background: white; margin: 0in 0in 19.5pt 0in;\"><span style=\"color: #222222;\">Ministria e Jashtme e Shqip\u00ebris\u00eb, njoftoi dje se duke nisur nga 19 Qershori, do t\u00eb lejohen t\u00eb gjith\u00eb qytetar\u00ebt shqiptar\u00eb \u00a0t\u00eb udh\u00ebtojn\u00eb drejt vendit fqinj, Greqis\u00eb.<\/span><\/p>\n<p style=\"background: white; -webkit-tap-highlight-color: transparent !important; box-sizing: border-box; overflow-wrap: break-word; font-variant-ligatures: normal; font-variant-caps: normal; orphans: 2; widows: 2; -webkit-text-stroke-width: 0px; text-decoration-thickness: initial; text-decoration-style: initial; text-decoration-color: initial; word-spacing: 0px; margin: 0in 0in 19.5pt 0in;\"><span style=\"color: #222222;\">Por sot burime nga Drejtoria e Migracionit, b\u00ebjn\u00eb me dije se kufizimet p\u00ebr l\u00ebvizjen e lir\u00eb p\u00ebr shtetasit shqiptar\u00eb n\u00eb kufirin e Kapshtic\u00ebs, do t\u00eb hiqen m\u00eb 28 Qershor, nd\u00ebrsa tani lejohet t\u00eb futen n\u00eb territorin grek vet\u00ebm pun\u00ebtor\u00ebt sezonal\u00eb.<\/span><\/p>\n<p style=\"background: white; -webkit-tap-highlight-color: transparent !important; box-sizing: border-box; overflow-wrap: break-word; font-variant-ligatures: normal; font-variant-caps: normal; orphans: 2; widows: 2; -webkit-text-stroke-width: 0px; text-decoration-thickness: initial; text-decoration-style: initial; text-decoration-color: initial; word-spacing: 0px; margin: 0in 0in 19.5pt 0in;\"><span style=\"color: #222222;\">Nd\u00ebrkoh\u00eb, qytetar\u00ebt, t\u00eb cil\u00ebt d\u00ebshirojn\u00eb t\u00eb shkojn\u00eb n\u00eb Greqi p\u00ebr pushime apo q\u00eblime t\u00eb tjera familjare, mund t\u00eb kalojn\u00eb nga pika kufitare e Kakavij\u00ebs, ku mund t\u00eb paraqesin nj\u00eb test negativ t\u00eb kryer n\u00eb 72 or\u00ebt e fundit, ose t\u00eb ken\u00eb marr\u00eb dy dozat e vaksin\u00ebs kund\u00ebr Covid-19.<\/span><\/p>\n","protected":false},"excerpt":{"rendered":"<p>Ministria e Jashtme e Shqip\u00ebris\u00eb, njoftoi dje se duke nisur nga 19 Qershori, do t\u00eb lejohen t\u00eb gjith\u00eb qytetar\u00ebt shqiptar\u00eb \u00a0t\u00eb udh\u00ebtojn\u00eb drejt vendit fqinj, Greqis\u00eb. Por sot burime nga Drejtoria e Migracionit, b\u00ebjn\u00eb me dije se kufizimet p\u00ebr l\u00ebvizjen e lir\u00eb p\u00ebr shtetasit shqiptar\u00eb n\u00eb kufirin e Kapshtic\u00ebs, do t\u00eb hiqen m\u00eb 28 Qershor, [&hellip;]<\/p>\n","protected":false},"author":2016,"featured_media":189416,"comment_status":"closed","ping_status":"closed","sticky":false,"template":"","format":"standard","meta":{"footnotes":""},"categories":[241],"tags":[3903],"class_list":{"0":"post-189414","1":"post","2":"type-post","3":"status-publish","4":"format-standard","5":"has-post-thumbnail","7":"category-aktualitet","8":"tag-lajme-zjarr-greqia-nderron-mendje-zjarr-tv"},"_links":{"self":[{"href":"https:\/\/zjarr.tv\/sq\/wp-json\/wp\/v2\/posts\/189414","targetHints":{"allow":["GET"]}}],"collection":[{"href":"https:\/\/zjarr.tv\/sq\/wp-json\/wp\/v2\/posts"}],"about":[{"href":"https:\/\/zjarr.tv\/sq\/wp-json\/wp\/v2\/types\/post"}],"author":[{"embeddable":true,"href":"https:\/\/zjarr.tv\/sq\/wp-json\/wp\/v2\/users\/2016"}],"replies":[{"embeddable":true,"href":"https:\/\/zjarr.tv\/sq\/wp-json\/wp\/v2\/comments?post=189414"}],"version-history":[{"count":0,"href":"https:\/\/zjarr.tv\/sq\/wp-json\/wp\/v2\/posts\/189414\/revisions"}],"wp:featuredmedia":[{"embeddable":true,"href":"https:\/\/zjarr.tv\/sq\/wp-json\/wp\/v2\/media\/189416"}],"wp:attachment":[{"href":"https:\/\/zjarr.tv\/sq\/wp-json\/wp\/v2\/media?parent=189414"}],"wp:term":[{"taxonomy":"category","embeddable":true,"href":"https:\/\/zjarr.tv\/sq\/wp-json\/wp\/v2\/categories?post=189414"},{"taxonomy":"post_tag","embeddable":true,"href":"https:\/\/zjarr.tv\/sq\/wp-json\/wp\/v2\/tags?post=189414"}],"curies":[{"name":"wp","href":"https:\/\/api.w.org\/{rel}","templated":true}]}}