{"id":189417,"date":"2021-06-19T11:54:10","date_gmt":"2021-06-19T09:54:10","guid":{"rendered":"https:\/\/zjarr.tv\/?p=189417"},"modified":"2021-06-19T11:54:10","modified_gmt":"2021-06-19T09:54:10","slug":"zbardhet-kryesia-e-pd-jorida-tabaku-te-analizohet-puna-e-drejtuesve-politike-ku-deshtuam-basha-nje-deputet-i-ps-eshte-pergjuar-ka-kontaktuar-bandat","status":"publish","type":"post","link":"https:\/\/zjarr.tv\/sq\/zbardhet-kryesia-e-pd-jorida-tabaku-te-analizohet-puna-e-drejtuesve-politike-ku-deshtuam-basha-nje-deputet-i-ps-eshte-pergjuar-ka-kontaktuar-bandat\/","title":{"rendered":"Zbardhet Kryesia e PD; Jorida Tabaku: T\u00eb analizohet puna e drejtuesve politik\u00eb, ku d\u00ebshtuam! Basha: Nj\u00eb deputet i PS \u00ebsht\u00eb p\u00ebrgjuar, ka kontaktuar BANDAT"},"content":{"rendered":"<p style=\"background: white; margin: 0in 0in 19.5pt 0in;\">Kryesia e Partis\u00eb Demokratike ka zhvilluar dje mbledhjen e rradh\u00ebs, ku p\u00ebr dy or\u00eb \u00ebsht\u00eb dikustuar p\u00ebr analiz\u00ebn e thell\u00eb q\u00eb duhet t\u00eb nis\u00eb n\u00eb parti dhe p\u00ebr hapat q\u00eb do t\u00eb nd\u00ebrmarrin demokrat\u00ebt p\u00ebr betej\u00ebn, p\u00ebr at\u00eb q\u00eb ata e quajn\u00eb \u201cmasak\u00ebr elektorale\u201d.<\/p>\n<p style=\"background: white; -webkit-tap-highlight-color: transparent !important; box-sizing: border-box; overflow-wrap: break-word; font-variant-ligatures: normal; font-variant-caps: normal; orphans: 2; widows: 2; -webkit-text-stroke-width: 0px; text-decoration-thickness: initial; text-decoration-style: initial; text-decoration-color: initial; word-spacing: 0px; margin: 0in 0in 19.5pt 0in;\">Jorida Tabaku ka k\u00ebrkuar n\u00eb Kryesi q\u00eb t\u00eb nis\u00eb nj\u00eb analiz\u00eb e pun\u00ebs s\u00eb drejtuesve politik\u00eb n\u00eb qarqe, p\u00ebr t\u00eb par\u00eb se ku ka \u00e7eduar puna, shkruan newsbomb.al.\u00a0<em style=\"-webkit-tap-highlight-color: transparent !important; box-sizing: border-box;\">\u201c\u00c7far\u00eb ndodhi n\u00eb terren, pse nuk arrit\u00ebm objektivat\u201d,\u00a0<\/em>ka th\u00ebn\u00eb nd\u00ebr t\u00eb tjera Tabaku, duke k\u00ebrkuar dhe t\u00eb analizohet puna e aleat\u00ebve.<\/p>\n<p style=\"background: white; -webkit-tap-highlight-color: transparent !important; box-sizing: border-box; overflow-wrap: break-word; font-variant-ligatures: normal; font-variant-caps: normal; orphans: 2; widows: 2; -webkit-text-stroke-width: 0px; text-decoration-thickness: initial; text-decoration-style: initial; text-decoration-color: initial; word-spacing: 0px; margin: 0in 0in 19.5pt 0in;\">Edhe Enno Bozdo ka mb\u00ebshtetur at\u00eb q\u00eb ka th\u00ebn\u00eb Tabaku, duke pohuar se nuk mund t\u00eb b\u00ebnin analiz\u00eb p\u00ebr humbjen e zgjedhjeve vet\u00eb drejtuesit politik\u00eb q\u00eb duhet t\u00eb siguronin fitoren.<\/p>\n<p style=\"background: white; -webkit-tap-highlight-color: transparent !important; box-sizing: border-box; overflow-wrap: break-word; font-variant-ligatures: normal; font-variant-caps: normal; orphans: 2; widows: 2; -webkit-text-stroke-width: 0px; text-decoration-thickness: initial; text-decoration-style: initial; text-decoration-color: initial; word-spacing: 0px; margin: 0in 0in 19.5pt 0in;\">Kandidati p\u00ebr kryetar i PD, Fatbardh Kadilli, ka k\u00ebrkuar q\u00eb n\u00eb Parti t\u00eb qart\u00ebsohej n\u00ebse 25 prilli ishte \u201cmasak\u00ebr elektorale\u201d apo humbje.<em style=\"-webkit-tap-highlight-color: transparent !important; box-sizing: border-box;\">\u00a0\u201cPo ju e keni ndar\u00eb mendjen q\u00eb 25 prilli \u00ebsht\u00eb masak\u00ebr elektorale, pse duhet t\u00eb b\u00ebhet analiza?\u201d,<\/em>\u00a0\u00ebsht\u00eb shprehur ai.<\/p>\n<p style=\"background: white; -webkit-tap-highlight-color: transparent !important; box-sizing: border-box; overflow-wrap: break-word; font-variant-ligatures: normal; font-variant-caps: normal; orphans: 2; widows: 2; -webkit-text-stroke-width: 0px; text-decoration-thickness: initial; text-decoration-style: initial; text-decoration-color: initial; word-spacing: 0px; margin: 0in 0in 19.5pt 0in;\">Gajt\u00eb diskutimeve n\u00eb Kryesi, Lulzim Basha \u00ebsht\u00eb shprehur se beteja q\u00eb i pret demokrat\u00ebt do t\u00eb jet\u00eb \u201ce vrullshme\u201d, pasi sipas tij, nj\u00eb deputet i PS n\u00eb Durr\u00ebs \u00ebsht\u00eb p\u00ebrgjuar nga Prokuroria duke komunikuar me nj\u00eb grup kriminel\u00ebsh, shkruan newsbomb.al.\u00a0<em style=\"-webkit-tap-highlight-color: transparent !important; box-sizing: border-box;\">\u201c\u00cbsht\u00eb situat\u00eb e ngjashme me dosjen 339\u201d,<\/em>\u00a0ka th\u00ebn\u00eb Basha.<\/p>\n<p style=\"background: white; -webkit-tap-highlight-color: transparent !important; box-sizing: border-box; overflow-wrap: break-word; font-variant-ligatures: normal; font-variant-caps: normal; orphans: 2; widows: 2; -webkit-text-stroke-width: 0px; text-decoration-thickness: initial; text-decoration-style: initial; text-decoration-color: initial; word-spacing: 0px; margin: 0in 0in 19.5pt 0in;\"><strong style=\"-webkit-tap-highlight-color: transparent !important; box-sizing: border-box;\">Pjes\u00eb nga diskutimet n\u00eb Kryesin\u00eb e PD:<\/strong><\/p>\n<p style=\"background: white; -webkit-tap-highlight-color: transparent !important; box-sizing: border-box; overflow-wrap: break-word; font-variant-ligatures: normal; font-variant-caps: normal; orphans: 2; widows: 2; -webkit-text-stroke-width: 0px; text-decoration-thickness: initial; text-decoration-style: initial; text-decoration-color: initial; word-spacing: 0px; margin: 0in 0in 19.5pt 0in;\"><strong style=\"-webkit-tap-highlight-color: transparent !important; box-sizing: border-box;\">Jorida Tabaku:<\/strong>\u00a0<em style=\"-webkit-tap-highlight-color: transparent !important; box-sizing: border-box;\">S\u00eb pari, ne duhet t\u00eb nd\u00ebrtojm\u00eb nj\u00eb proces analize q\u00eb t\u00eb p\u00ebrfshij\u00eb drejtuesit politik\u00eb, sepse ato kan\u00eb qen\u00eb t\u00eb p\u00ebrfshir\u00eb dhe e din\u00eb problematik\u00ebn, ku ceduan strukturat, \u00e7far\u00eb ndodhi n\u00eb terren, pse nuk arrit\u00ebm objektivat dhe faktor\u00ebt e brendshm\u00eb, por kjo nuk \u00ebsht\u00eb e mjaftueshme. Kjo duhet t\u00eb jet\u00eb nj\u00eb faz\u00eb e par\u00eb.<\/em><\/p>\n<p style=\"background: white; -webkit-tap-highlight-color: transparent !important; box-sizing: border-box; overflow-wrap: break-word; font-variant-ligatures: normal; font-variant-caps: normal; orphans: 2; widows: 2; -webkit-text-stroke-width: 0px; text-decoration-thickness: initial; text-decoration-style: initial; text-decoration-color: initial; word-spacing: 0px; margin: 0in 0in 19.5pt 0in;\"><em style=\"-webkit-tap-highlight-color: transparent !important; box-sizing: border-box;\">E nevojshme \u00ebsht\u00eb t\u00eb vler\u00ebsohet puna e drejtuesve politik\u00eb dhe k\u00ebt\u00eb nuk e b\u00ebjm\u00eb dot ne\u2026 Ka nevoj\u00eb p\u00ebr t\u00eb dh\u00ebna q\u00eb do vijn\u00eb nga koordinator\u00ebt e terrenti: informacion p\u00ebr pun\u00ebn ton\u00eb, lidhjen me strukturat, si funksionoi me aleat\u00ebt dhe kjo mund t\u00eb jet\u00eb nj\u00eb faz\u00eb e dyt\u00eb.<\/em><\/p>\n<p style=\"background: white; -webkit-tap-highlight-color: transparent !important; box-sizing: border-box; overflow-wrap: break-word; font-variant-ligatures: normal; font-variant-caps: normal; orphans: 2; widows: 2; -webkit-text-stroke-width: 0px; text-decoration-thickness: initial; text-decoration-style: initial; text-decoration-color: initial; word-spacing: 0px; margin: 0in 0in 19.5pt 0in;\"><strong style=\"-webkit-tap-highlight-color: transparent !important; box-sizing: border-box;\">Enno Bozdo:<\/strong>\u00a0<em style=\"-webkit-tap-highlight-color: transparent !important; box-sizing: border-box;\">\u00cbsht\u00eb hera e par\u00eb q\u00eb t\u00eb ndodh\u00eb q\u00eb analiza t\u00eb b\u00ebhet nga vet\u00eb personat q\u00eb kan\u00eb qen\u00eb t\u00eb ngarkuar p\u00ebr t\u00eb arritur objektivat. M\u00eb her\u00ebt ky proces \u00ebhst\u00eb b\u00ebr\u00eb nga persona t\u00eb tret\u00eb, t\u00eb cil\u00ebt nuk kan\u00eb konflikt interesi.<\/em><\/p>\n<p style=\"background: white; -webkit-tap-highlight-color: transparent !important; box-sizing: border-box; overflow-wrap: break-word; font-variant-ligatures: normal; font-variant-caps: normal; orphans: 2; widows: 2; -webkit-text-stroke-width: 0px; text-decoration-thickness: initial; text-decoration-style: initial; text-decoration-color: initial; word-spacing: 0px; margin: 0in 0in 19.5pt 0in;\"><em style=\"-webkit-tap-highlight-color: transparent !important; box-sizing: border-box;\">Drejtuesi politik nuk mund t\u00eb b\u00ebj\u00eb analiz\u00eb p\u00ebr pun\u00ebn e tij n\u00eb zgjehdjet e 25 prillit. Duhet t\u00eb caktohen koordinator\u00ebt p\u00ebr t\u00eb b\u00ebr\u00eb analiz\u00ebn ashtu si\u00e7 ka ndodhur edhe m\u00eb par\u00eb.<\/em><\/p>\n<p style=\"background: white; -webkit-tap-highlight-color: transparent !important; box-sizing: border-box; overflow-wrap: break-word; font-variant-ligatures: normal; font-variant-caps: normal; orphans: 2; widows: 2; -webkit-text-stroke-width: 0px; text-decoration-thickness: initial; text-decoration-style: initial; text-decoration-color: initial; word-spacing: 0px; margin: 0in 0in 19.5pt 0in;\"><strong style=\"-webkit-tap-highlight-color: transparent !important; box-sizing: border-box;\">Jorida Tabaku:<\/strong>\u00a0<em style=\"-webkit-tap-highlight-color: transparent !important; box-sizing: border-box;\">Njer\u00ebzit duhet t\u00eb mbajn\u00eb p\u00ebrgjegj\u00ebsi dhe kjo p\u00ebrgjegj\u00ebsi vjen si nga Kryesia e partis\u00eb e deri te secili prej nesh. Mendoj q\u00eb duhet t\u00eb kemi nj\u00eb proces q\u00eb duhet t\u00eb na ndihmoj\u00eb p\u00ebr t\u00eb ardhmenm por dhe jep shpres\u00eb.<\/em><\/p>\n<p style=\"background: white; -webkit-tap-highlight-color: transparent !important; box-sizing: border-box; overflow-wrap: break-word; font-variant-ligatures: normal; font-variant-caps: normal; orphans: 2; widows: 2; -webkit-text-stroke-width: 0px; text-decoration-thickness: initial; text-decoration-style: initial; text-decoration-color: initial; word-spacing: 0px; margin: 0in 0in 19.5pt 0in;\"><strong style=\"-webkit-tap-highlight-color: transparent !important; box-sizing: border-box;\">Fatbardh Kadilli:\u00a0<\/strong><em style=\"-webkit-tap-highlight-color: transparent !important; box-sizing: border-box;\">Po ju e keni ndar\u00eb mendjen q\u00eb 25 prilli \u00ebsht\u00eb masak\u00ebr elektorale, pse duhet t\u00eb b\u00ebhet analiza?<\/em><\/p>\n<p style=\"background: white; -webkit-tap-highlight-color: transparent !important; box-sizing: border-box; overflow-wrap: break-word; font-variant-ligatures: normal; font-variant-caps: normal; orphans: 2; widows: 2; -webkit-text-stroke-width: 0px; text-decoration-thickness: initial; text-decoration-style: initial; text-decoration-color: initial; word-spacing: 0px; margin: 0in 0in 19.5pt 0in;\"><strong style=\"-webkit-tap-highlight-color: transparent !important; box-sizing: border-box;\">Lulzim Basha:<\/strong>\u00a0<em style=\"-webkit-tap-highlight-color: transparent !important; box-sizing: border-box;\">At\u00ebher\u00eb n\u00eb pik\u00ebn dy t\u00eb t\u00eb udh\u00ebzimit t\u00eb shtohet q\u00eb n\u00eb raportin q\u00eb do t\u00eb b\u00ebj\u00eb \u00e7do qark apo grupseksion t\u00eb p\u00ebrmenden emrat e t\u00eb gjith\u00eb personave\/kriminelave q\u00eb kan\u00eb ndikuar n\u00eb \u00e7do zon\u00eb p\u00ebr t\u00eb deformuar vullnetin e zgjedh\u00ebsve. Muajt n\u00eb vijim do t\u00eb jen\u00eb t\u00eb vrullsh\u00ebm sepse e till\u00eb \u00ebsht\u00eb beteja q\u00eb na pret\u2026.<\/em><\/p>\n<p style=\"background: white; -webkit-tap-highlight-color: transparent !important; box-sizing: border-box; overflow-wrap: break-word; font-variant-ligatures: normal; font-variant-caps: normal; orphans: 2; widows: 2; -webkit-text-stroke-width: 0px; text-decoration-thickness: initial; text-decoration-style: initial; text-decoration-color: initial; word-spacing: 0px; margin: 0in 0in 19.5pt 0in;\"><strong style=\"-webkit-tap-highlight-color: transparent !important; box-sizing: border-box;\"><i>Enkelejd Alibeaj:\u00a0<\/i><\/strong><em>I gjith\u00eb p\u00ebrq\u00ebndrimi i analiz\u00ebs s\u00eb zgjedhjeve duhet te masakra q\u00eb u b\u00eb n\u00eb 25 prill. Nuk ndryshoi seksioni rezultatin me 2-3 vota. Rezultati ndryshoi nga masakra e madhe.<\/em><\/p>\n<p style=\"background: white; -webkit-tap-highlight-color: transparent !important; box-sizing: border-box; overflow-wrap: break-word; font-variant-ligatures: normal; font-variant-caps: normal; orphans: 2; widows: 2; -webkit-text-stroke-width: 0px; text-decoration-thickness: initial; text-decoration-style: initial; text-decoration-color: initial; word-spacing: 0px; margin: 0in 0in 19.5pt 0in;\"><strong style=\"-webkit-tap-highlight-color: transparent !important; box-sizing: border-box;\">Lulzim Basha:<\/strong>\u00a0<em style=\"-webkit-tap-highlight-color: transparent !important; box-sizing: border-box;\">Ne kemi b\u00ebr\u00eb shum\u00eb ankimime n\u00eb SPAK dhe deri tani nuk na kan\u00eb kthyer p\u00ebrgjigje. Por un\u00eb kam m\u00ebsuar se nj\u00eb deputet i PS n\u00eb Qarkune\u00a0 Durr\u00ebsit \u00ebsht\u00eb p\u00ebrgjuar nga Prokuroria duke komunikuar me nj\u00eb grup kriminel\u00ebsh n\u00eb Durr\u00ebs. \u00cbsht\u00eb situat\u00eb e ngjashme me dosjen 339.<\/em><\/p>\n","protected":false},"excerpt":{"rendered":"<p>Kryesia e Partis\u00eb Demokratike ka zhvilluar dje mbledhjen e rradh\u00ebs, ku p\u00ebr dy or\u00eb \u00ebsht\u00eb dikustuar p\u00ebr analiz\u00ebn e thell\u00eb q\u00eb duhet t\u00eb nis\u00eb n\u00eb parti dhe p\u00ebr hapat q\u00eb do t\u00eb nd\u00ebrmarrin demokrat\u00ebt p\u00ebr betej\u00ebn, p\u00ebr at\u00eb q\u00eb ata e quajn\u00eb \u201cmasak\u00ebr elektorale\u201d. Jorida Tabaku ka k\u00ebrkuar n\u00eb Kryesi q\u00eb t\u00eb nis\u00eb nj\u00eb analiz\u00eb [&hellip;]<\/p>\n","protected":false},"author":2030,"featured_media":189418,"comment_status":"closed","ping_status":"closed","sticky":false,"template":"","format":"standard","meta":{"footnotes":""},"categories":[241,1454],"tags":[],"class_list":{"0":"post-189417","1":"post","2":"type-post","3":"status-publish","4":"format-standard","5":"has-post-thumbnail","7":"category-aktualitet","8":"category-politike"},"_links":{"self":[{"href":"https:\/\/zjarr.tv\/sq\/wp-json\/wp\/v2\/posts\/189417","targetHints":{"allow":["GET"]}}],"collection":[{"href":"https:\/\/zjarr.tv\/sq\/wp-json\/wp\/v2\/posts"}],"about":[{"href":"https:\/\/zjarr.tv\/sq\/wp-json\/wp\/v2\/types\/post"}],"author":[{"embeddable":true,"href":"https:\/\/zjarr.tv\/sq\/wp-json\/wp\/v2\/users\/2030"}],"replies":[{"embeddable":true,"href":"https:\/\/zjarr.tv\/sq\/wp-json\/wp\/v2\/comments?post=189417"}],"version-history":[{"count":0,"href":"https:\/\/zjarr.tv\/sq\/wp-json\/wp\/v2\/posts\/189417\/revisions"}],"wp:featuredmedia":[{"embeddable":true,"href":"https:\/\/zjarr.tv\/sq\/wp-json\/wp\/v2\/media\/189418"}],"wp:attachment":[{"href":"https:\/\/zjarr.tv\/sq\/wp-json\/wp\/v2\/media?parent=189417"}],"wp:term":[{"taxonomy":"category","embeddable":true,"href":"https:\/\/zjarr.tv\/sq\/wp-json\/wp\/v2\/categories?post=189417"},{"taxonomy":"post_tag","embeddable":true,"href":"https:\/\/zjarr.tv\/sq\/wp-json\/wp\/v2\/tags?post=189417"}],"curies":[{"name":"wp","href":"https:\/\/api.w.org\/{rel}","templated":true}]}}