{"id":190479,"date":"2021-06-25T11:47:28","date_gmt":"2021-06-25T09:47:28","guid":{"rendered":"https:\/\/zjarr.tv\/?p=190479"},"modified":"2021-06-25T11:47:28","modified_gmt":"2021-06-25T09:47:28","slug":"vucic-na-del-krah-me-vjen-keq-qe-shqiperia-dhe-maqedonia-e-veriut-nuk-moren-nje-date-nga-be-per-hapjen-e-negociatave","status":"publish","type":"post","link":"https:\/\/zjarr.tv\/sq\/vucic-na-del-krah-me-vjen-keq-qe-shqiperia-dhe-maqedonia-e-veriut-nuk-moren-nje-date-nga-be-per-hapjen-e-negociatave\/","title":{"rendered":"Vu\u00e7i\u00e7 \u201cna del krah\u201d: M\u00eb vjen keq q\u00eb Shqip\u00ebria dhe Maqedonia e Veriut nuk mor\u00ebn nj\u00eb dat\u00eb nga BE p\u00ebr hapjen e negociatave"},"content":{"rendered":"<p style=\"background: white; margin: 0in 0in 19.5pt 0in;\">Presidenti i Serbis\u00eb Aleksandar Vu\u00e7i\u00e7, deklaroi sot se vendimi i BE p\u00ebr moscaktimin e nj\u00eb dat\u00eb p\u00ebr Konferenc\u00ebn e Par\u00eb Nd\u00ebrqeveritare me Shqip\u00ebrin\u00eb dhe Maqedonin\u00eb e Veriut, ishte i padrejt\u00eb.<\/p>\n<p style=\"background: white; -webkit-tap-highlight-color: transparent !important; box-sizing: border-box; overflow-wrap: break-word; font-variant-ligatures: normal; font-variant-caps: normal; orphans: 2; widows: 2; -webkit-text-stroke-width: 0px; text-decoration-thickness: initial; text-decoration-style: initial; text-decoration-color: initial; word-spacing: 0px; margin: 0in 0in 19.5pt 0in;\">\u201cUn\u00eb mendoj se \u00ebsht\u00eb e padrejt\u00eb si p\u00ebr Tiran\u00ebn dhe Shkupin, ashtu edhe p\u00ebr qytetar\u00ebt dhe njer\u00ebzit q\u00eb drejtojn\u00eb ato vende. Ato do t\u00eb ket\u00eb nj\u00eb mik t\u00eb sinqert\u00eb n\u00eb Serbi dhe ne do t\u00eb p\u00ebrmir\u00ebsojm\u00eb bashk\u00ebpunimin me ta, dhe un\u00eb dua t\u00eb njoftoj se do t\u00eb kemi nj\u00eb video konferenc\u00eb t\u00eb r\u00ebnd\u00ebsishme me Kryeministrat (Zoran) Zaev dhe (Edi) Rama m\u00eb 29 qershor\u201d, u shpreh Vu\u00e7i\u00e7 n\u00eb nj\u00eb dalje p\u00ebr shtyp.<\/p>\n<p style=\"background: white; -webkit-tap-highlight-color: transparent !important; box-sizing: border-box; overflow-wrap: break-word; font-variant-ligatures: normal; font-variant-caps: normal; orphans: 2; widows: 2; -webkit-text-stroke-width: 0px; text-decoration-thickness: initial; text-decoration-style: initial; text-decoration-color: initial; word-spacing: 0px; margin: 0in 0in 19.5pt 0in;\">Vu\u00e7i\u00e7 shtoi se bashk\u00ebpunimi me ato vende do t\u00eb rritet dhe se brenda iniciativ\u00ebs rajonale, n\u00eb kuad\u00ebr t\u00eb Minishengenit, do t\u00eb vazhdojn\u00eb t\u00eb p\u00ebrmir\u00ebsojn\u00eb marr\u00ebdh\u00ebniet, raporton Blic.rs.<\/p>\n<p style=\"background: white; -webkit-tap-highlight-color: transparent !important; box-sizing: border-box; overflow-wrap: break-word; font-variant-ligatures: normal; font-variant-caps: normal; orphans: 2; widows: 2; -webkit-text-stroke-width: 0px; text-decoration-thickness: initial; text-decoration-style: initial; text-decoration-color: initial; word-spacing: 0px; margin: 0in 0in 19.5pt 0in;\">\u201cBesoj se do t\u00eb marrim vendime p\u00ebrfundimtare p\u00ebr veprime t\u00eb p\u00ebrbashk\u00ebta kund\u00ebr katastrofave natyrore dhe s\u00eb bashku do t\u00eb sigurojm\u00eb rrjedh\u00ebn m\u00eb t\u00eb shpejt\u00eb t\u00eb mundshme t\u00eb mallrave, kapitalit, njer\u00ebzve dhe sh\u00ebrbimeve, si p\u00ebrmes inspektimeve fitosanitare dhe veterinare n\u00eb pikat kufitare dhe modaliteteve t\u00eb tjera\u201d, deklaroi presidenti Vu\u00e7i\u00e7.<\/p>\n","protected":false},"excerpt":{"rendered":"<p>Presidenti i Serbis\u00eb Aleksandar Vu\u00e7i\u00e7, deklaroi sot se vendimi i BE p\u00ebr moscaktimin e nj\u00eb dat\u00eb p\u00ebr Konferenc\u00ebn e Par\u00eb Nd\u00ebrqeveritare me Shqip\u00ebrin\u00eb dhe Maqedonin\u00eb e Veriut, ishte i padrejt\u00eb. \u201cUn\u00eb mendoj se \u00ebsht\u00eb e padrejt\u00eb si p\u00ebr Tiran\u00ebn dhe Shkupin, ashtu edhe p\u00ebr qytetar\u00ebt dhe njer\u00ebzit q\u00eb drejtojn\u00eb ato vende. Ato do t\u00eb ket\u00eb [&hellip;]<\/p>\n","protected":false},"author":2030,"featured_media":109986,"comment_status":"closed","ping_status":"closed","sticky":false,"template":"","format":"standard","meta":{"footnotes":""},"categories":[241],"tags":[],"class_list":{"0":"post-190479","1":"post","2":"type-post","3":"status-publish","4":"format-standard","5":"has-post-thumbnail","7":"category-aktualitet"},"_links":{"self":[{"href":"https:\/\/zjarr.tv\/sq\/wp-json\/wp\/v2\/posts\/190479","targetHints":{"allow":["GET"]}}],"collection":[{"href":"https:\/\/zjarr.tv\/sq\/wp-json\/wp\/v2\/posts"}],"about":[{"href":"https:\/\/zjarr.tv\/sq\/wp-json\/wp\/v2\/types\/post"}],"author":[{"embeddable":true,"href":"https:\/\/zjarr.tv\/sq\/wp-json\/wp\/v2\/users\/2030"}],"replies":[{"embeddable":true,"href":"https:\/\/zjarr.tv\/sq\/wp-json\/wp\/v2\/comments?post=190479"}],"version-history":[{"count":0,"href":"https:\/\/zjarr.tv\/sq\/wp-json\/wp\/v2\/posts\/190479\/revisions"}],"wp:featuredmedia":[{"embeddable":true,"href":"https:\/\/zjarr.tv\/sq\/wp-json\/wp\/v2\/media\/109986"}],"wp:attachment":[{"href":"https:\/\/zjarr.tv\/sq\/wp-json\/wp\/v2\/media?parent=190479"}],"wp:term":[{"taxonomy":"category","embeddable":true,"href":"https:\/\/zjarr.tv\/sq\/wp-json\/wp\/v2\/categories?post=190479"},{"taxonomy":"post_tag","embeddable":true,"href":"https:\/\/zjarr.tv\/sq\/wp-json\/wp\/v2\/tags?post=190479"}],"curies":[{"name":"wp","href":"https:\/\/api.w.org\/{rel}","templated":true}]}}