{"id":190483,"date":"2021-06-25T11:57:01","date_gmt":"2021-06-25T09:57:01","guid":{"rendered":"https:\/\/zjarr.tv\/?p=190483"},"modified":"2021-06-25T11:57:01","modified_gmt":"2021-06-25T09:57:01","slug":"rama-me-te-rinjte-do-nisim-nje-kapitull-te-ri-shpresoj-qe-nuk-do-ju-zhgenjejme","status":"publish","type":"post","link":"https:\/\/zjarr.tv\/sq\/rama-me-te-rinjte-do-nisim-nje-kapitull-te-ri-shpresoj-qe-nuk-do-ju-zhgenjejme\/","title":{"rendered":"Rama me t\u00eb rinjt\u00eb: Do nisim nj\u00eb kapitull t\u00eb ri, shpresoj q\u00eb nuk do ju zhg\u00ebnjejm\u00eb\u2026"},"content":{"rendered":"<p>Kryeministri Edi Rama, ka deklaruar se n\u00eb mandatin e tret\u00eb t\u00eb qeveris\u00eb, synohet nj\u00eb kapitull i ri p\u00ebr sportin universitar. N\u00eb sesionin e shtat\u00eb t\u00eb takimeve me t\u00eb rinjt\u00eb jasht\u00eb vendit q\u00eb jan\u00eb \u201cGati p\u00ebr Shqip\u00ebrin\u00eb\u201d, kreu i qeveris\u00eb theksoi se kjo \u00ebsht\u00eb nj\u00eb tem\u00eb p\u00ebr t\u00eb cil\u00ebn ka diskutuar me rektor\u00ebt e universiteteve dhe tashm\u00eb ia ka caktuar si detyr\u00eb zv\/ministres s\u00eb Arsimit Bora Muzhaqi.<\/p>\n<p><em>\u201cK\u00ebt\u00eb tem\u00eb kemi pasur diskutim me rektor\u00ebt. Faktikisht Bora si zv\/ministre q\u00eb mbulon rinin\u00eb ka edhe k\u00ebt\u00eb detyr\u00eb p\u00ebr momentin q\u00eb t\u00eb hap\u00eb nj\u00eb kapitull t\u00eb ri p\u00ebr sportin universitar. Jam i bindur q\u00eb nuk ju ndahet vet\u00eb tani<\/em>\u201d, tha Rama.<\/p>\n<p>Rama u shpreh se ndihet fal\u00ebnderues p\u00ebr t\u00eb rinjt\u00eb e shumt\u00eb q\u00eb kan\u00eb aplikuar n\u00eb k\u00ebt\u00eb platform\u00eb, q\u00eb sipas tij tregon edhe shenj\u00eb besimi ndaj qeveris\u00eb.<\/p>\n<p><em>\u201cJu fal\u00ebnderoj shum\u00eb. Ky \u00ebsht\u00eb vet\u00ebm nj\u00eb kontakt njoh\u00ebs dhe prezantues. Duhet t\u00eb b\u00ebni pak durim sepse \u00ebsht\u00eb shum\u00eb m\u00eb i madh numri i t\u00eb interesuarve. Pas k\u00ebtij kontakti t\u00eb par\u00eb b\u00ebhet edhe skedulimi i takimeve. Ju uroj sh\u00ebndet dhe sukses.\u00a0Faleminderit shum\u00eb sepse p\u00ebr mua \u00ebsht\u00eb edhe nj\u00eb shprehje besimi. Shpresoj shum\u00eb q\u00eb nga pik\u00ebpamja e respektit dhe kujdesit nuk do ju zhg\u00ebnjejm\u00eb. Si do materializohet kjo mbetet p\u00ebr t\u2019u par\u00eb\u201d<\/em>, u shpreh Rama.<\/p>\n<p>Nd\u00ebrkoh\u00eb ai ka njoftuar se vijojn\u00eb aplikimet p\u00ebr k\u00ebt\u00eb platform\u00eb.\u00a0<em>\u201cGati p\u00ebr Shqip\u00ebrin\u00eb, sesioni i shtat\u00eb. Vijojm\u00eb takimet online me aplikant\u00ebt p\u00ebr nism\u00ebn\u00a0Gati p\u00ebr Shqip\u00ebrin\u00eb. Ky cik\u00ebl sesionesh online sipas fushave, na mund\u00ebson njohjen me t\u00eb interesuarit dhe eksplorimin s\u00eb bashku t\u00eb mund\u00ebsive e formave t\u00eb bashk\u00ebpunimit me ta Nd\u00ebrkoh\u00eb aplikimet vazhdojn\u00eb t\u00eb priten n\u00eb adres\u00ebn <a href=\"mailto:gatipershqiperine@kryeministria.al\">gatipershqiperine@kryeministria.al<\/a>, <\/em>shkruan ai.<\/p>\n","protected":false},"excerpt":{"rendered":"<p>Kryeministri Edi Rama, ka deklaruar se n\u00eb mandatin e tret\u00eb t\u00eb qeveris\u00eb, synohet nj\u00eb kapitull i ri p\u00ebr sportin universitar. N\u00eb sesionin e shtat\u00eb t\u00eb takimeve me t\u00eb rinjt\u00eb jasht\u00eb vendit q\u00eb jan\u00eb \u201cGati p\u00ebr Shqip\u00ebrin\u00eb\u201d, kreu i qeveris\u00eb theksoi se kjo \u00ebsht\u00eb nj\u00eb tem\u00eb p\u00ebr t\u00eb cil\u00ebn ka diskutuar me rektor\u00ebt e universiteteve dhe [&hellip;]<\/p>\n","protected":false},"author":2016,"featured_media":0,"comment_status":"closed","ping_status":"closed","sticky":false,"template":"","format":"standard","meta":{"footnotes":""},"categories":[241],"tags":[4021],"class_list":{"0":"post-190483","1":"post","2":"type-post","3":"status-publish","4":"format-standard","6":"category-aktualitet","7":"tag-lajme-zjarr-rama-me-te-rinjte-zjarr-tv"},"_links":{"self":[{"href":"https:\/\/zjarr.tv\/sq\/wp-json\/wp\/v2\/posts\/190483","targetHints":{"allow":["GET"]}}],"collection":[{"href":"https:\/\/zjarr.tv\/sq\/wp-json\/wp\/v2\/posts"}],"about":[{"href":"https:\/\/zjarr.tv\/sq\/wp-json\/wp\/v2\/types\/post"}],"author":[{"embeddable":true,"href":"https:\/\/zjarr.tv\/sq\/wp-json\/wp\/v2\/users\/2016"}],"replies":[{"embeddable":true,"href":"https:\/\/zjarr.tv\/sq\/wp-json\/wp\/v2\/comments?post=190483"}],"version-history":[{"count":0,"href":"https:\/\/zjarr.tv\/sq\/wp-json\/wp\/v2\/posts\/190483\/revisions"}],"wp:attachment":[{"href":"https:\/\/zjarr.tv\/sq\/wp-json\/wp\/v2\/media?parent=190483"}],"wp:term":[{"taxonomy":"category","embeddable":true,"href":"https:\/\/zjarr.tv\/sq\/wp-json\/wp\/v2\/categories?post=190483"},{"taxonomy":"post_tag","embeddable":true,"href":"https:\/\/zjarr.tv\/sq\/wp-json\/wp\/v2\/tags?post=190483"}],"curies":[{"name":"wp","href":"https:\/\/api.w.org\/{rel}","templated":true}]}}