{"id":190492,"date":"2021-06-25T12:27:34","date_gmt":"2021-06-25T10:27:34","guid":{"rendered":"https:\/\/zjarr.tv\/?p=190492"},"modified":"2021-06-25T12:27:34","modified_gmt":"2021-06-25T10:27:34","slug":"ironia-e-bushatit-mire-qe-po-vjen-korriku-qe-te-pastrohen-ekranet-se-mire-rama-po-ngelen-edhe-kim-e-soreca-perdite-ne-tv","status":"publish","type":"post","link":"https:\/\/zjarr.tv\/sq\/ironia-e-bushatit-mire-qe-po-vjen-korriku-qe-te-pastrohen-ekranet-se-mire-rama-po-ngelen-edhe-kim-e-soreca-perdite-ne-tv\/","title":{"rendered":"Ironia e Bushatit: Mir\u00eb q\u00eb po vjen korriku q\u00eb t\u00eb pastrohen ekranet, se mir\u00eb Rama, po ngelen edhe Kim e Soreca p\u00ebrdit\u00eb n\u00eb TV"},"content":{"rendered":"<p>Analisti i njohur Andi Bushati, me anw tw njw statusi n\u00eb Facebook, ka ironizuar ambasadoren e SHBA-s\u00eb n\u00eb vendin ton\u00eb Yuri Kim, bashk\u00eb me ambasadorin e OSBE-s\u00eb Luigi Soreca, p\u00ebr daljet e shumta n\u00eb ekranet e televizioneve shqiptare.<\/p>\n<p>Bushati shkruan n\u00eb rrjetin social:<\/p>\n<p>Mir\u00eb q\u00eb po vjen korriku dhe pushimet q\u00eb t\u00eb na pastrohen pak ekranet. Se sikur t\u00eb mos na mjaftonte Rama, tani na shfaqen p\u00ebrdit\u00eb edhe Kim e Soreca.<\/p>\n","protected":false},"excerpt":{"rendered":"<p>Analisti i njohur Andi Bushati, me anw tw njw statusi n\u00eb Facebook, ka ironizuar ambasadoren e SHBA-s\u00eb n\u00eb vendin ton\u00eb Yuri Kim, bashk\u00eb me ambasadorin e OSBE-s\u00eb Luigi Soreca, p\u00ebr daljet e shumta n\u00eb ekranet e televizioneve shqiptare. Bushati shkruan n\u00eb rrjetin social: Mir\u00eb q\u00eb po vjen korriku dhe pushimet q\u00eb t\u00eb na pastrohen pak [&hellip;]<\/p>\n","protected":false},"author":2016,"featured_media":178919,"comment_status":"closed","ping_status":"closed","sticky":false,"template":"","format":"standard","meta":{"footnotes":""},"categories":[241,3366],"tags":[4023],"class_list":{"0":"post-190492","1":"post","2":"type-post","3":"status-publish","4":"format-standard","5":"has-post-thumbnail","7":"category-aktualitet","8":"category-koment","9":"tag-lajme-zjarr-ironia-e-bushatit-zjarr-tv"},"_links":{"self":[{"href":"https:\/\/zjarr.tv\/sq\/wp-json\/wp\/v2\/posts\/190492","targetHints":{"allow":["GET"]}}],"collection":[{"href":"https:\/\/zjarr.tv\/sq\/wp-json\/wp\/v2\/posts"}],"about":[{"href":"https:\/\/zjarr.tv\/sq\/wp-json\/wp\/v2\/types\/post"}],"author":[{"embeddable":true,"href":"https:\/\/zjarr.tv\/sq\/wp-json\/wp\/v2\/users\/2016"}],"replies":[{"embeddable":true,"href":"https:\/\/zjarr.tv\/sq\/wp-json\/wp\/v2\/comments?post=190492"}],"version-history":[{"count":0,"href":"https:\/\/zjarr.tv\/sq\/wp-json\/wp\/v2\/posts\/190492\/revisions"}],"wp:featuredmedia":[{"embeddable":true,"href":"https:\/\/zjarr.tv\/sq\/wp-json\/wp\/v2\/media\/178919"}],"wp:attachment":[{"href":"https:\/\/zjarr.tv\/sq\/wp-json\/wp\/v2\/media?parent=190492"}],"wp:term":[{"taxonomy":"category","embeddable":true,"href":"https:\/\/zjarr.tv\/sq\/wp-json\/wp\/v2\/categories?post=190492"},{"taxonomy":"post_tag","embeddable":true,"href":"https:\/\/zjarr.tv\/sq\/wp-json\/wp\/v2\/tags?post=190492"}],"curies":[{"name":"wp","href":"https:\/\/api.w.org\/{rel}","templated":true}]}}