{"id":190845,"date":"2021-06-27T15:55:29","date_gmt":"2021-06-27T13:55:29","guid":{"rendered":"https:\/\/zjarr.tv\/?p=190845"},"modified":"2021-06-27T15:56:07","modified_gmt":"2021-06-27T13:56:07","slug":"ramabraktis-para-kohe-asamblene-e-ps-se-ne-vloren-therret-me-urgjence-mbledhje-ne-ministrine-e-brendshme","status":"publish","type":"post","link":"https:\/\/zjarr.tv\/sq\/ramabraktis-para-kohe-asamblene-e-ps-se-ne-vloren-therret-me-urgjence-mbledhje-ne-ministrine-e-brendshme\/","title":{"rendered":"Rama\u201dbraktis\u201d para kohe asamblen\u00eb e PS-s\u00eb n\u00eb Vlor\u00ebn th\u00ebrret me urgjenc\u00eb mbledhje n\u00eb Ministrin\u00eb e Brendshme"},"content":{"rendered":"<p>Kryeministri Edi Rama teksa ka l\u00ebn\u00eb ambientet e Teatrit \u2018Petro Marko\u2019 n\u00eb Vlor\u00eb, u shpreh se ka th\u00ebrritur nj\u00eb mbledhje n\u00eb Ministrin\u00eb e Brendshme, p\u00ebr ristrukturimin e Policis\u00eb s\u00eb Shtetit, gj\u00eb e cila sipas tij \u00ebsht\u00eb p\u00ebrshpejtuar si shkak i ngjarjeve t\u00eb fundit n\u00eb vend.<\/p>\n<p>Rama la t\u00eb kuptoj\u00eb se do t\u00eb ket\u00eb ndryshime t\u00eb drejtuesve, nd\u00ebrsa foli dhe p\u00ebr mbledhjen e asambles\u00eb s\u00eb PS-s\u00eb n\u00eb Vlor\u00eb, qytet p\u00ebr t\u00eb cilin tha se nuk mund ta ndaj\u00eb mandati i deputetit n\u00eb Durr\u00ebs.<\/p>\n<p>Sipas Ram\u00ebs n\u00eb Asamble \u00ebsht\u00eb diskutuar dhe \u00e7\u00ebshtja e bashkis\u00eb, p\u00ebr shkak se Vlora \u00ebsht\u00eb n\u00eb mesin e qyteteve q\u00eb kan\u00eb t\u00eb zhvilluar turizmin dhe meritojn\u00eb nj\u00eb v\u00ebmendje t\u00eb ve\u00e7ant\u00eb.<\/p>\n<p><strong>Rama:<\/strong><\/p>\n<p><em>Un\u00eb kam zgjedhur q\u00eb t\u00eb jem deputet i Durr\u00ebsit, p\u00ebr t\u2019i kushtuar nj\u00eb v\u00ebmendje t\u00eb ve\u00e7ant\u00eb, por un\u00eb do t\u00eb vazhdoj t\u00eb jem n\u00eb Vlor\u00eb, p\u00ebr t\u00eb b\u00ebr\u00eb dhe m\u00eb shum\u00eb, sepse me Vlor\u00ebn nuk m\u00eb ka lidhur mandati i deputetit, dhe nuk m\u00eb ndan ndarja e mandateve.<\/em><\/p>\n<p><em>\u00cbsht\u00eb shum\u00eb e r\u00ebnd\u00ebsishme q\u00eb ne t\u00eb vazhdojm\u00eb pun\u00ebn n\u00eb Vlor\u00eb, k\u00ebtu kemi shum\u00eb sfida q\u00eb kan\u00eb t\u00eb b\u00ebjn\u00eb dhe me adminsitrimin e vog\u00ebl, un\u00eb jam i shqet\u00ebsuar p\u00ebr bashkit\u00eb q\u00eb kan\u00eb detyrime ekstra, dhe kan\u00eb lidhje me industrin\u00eb e turizmit.<\/em><\/p>\n<p><em>Un\u00eb kam thirrur Ministrin\u00eb e brendshme dhe drejtuesit e policis\u00eb, p\u00ebr t\u00eb lancuar nj\u00eb faz\u00eb t\u00eb re t\u00eb ristrukturimit, dhe \u00ebsht\u00eb koha q\u00eb ta p\u00ebrshpejtojm\u00eb me disa jav\u00eb.\u00a0<\/em><\/p>\n<p>&nbsp;<\/p>\n","protected":false},"excerpt":{"rendered":"<p>Kryeministri Edi Rama teksa ka l\u00ebn\u00eb ambientet e Teatrit \u2018Petro Marko\u2019 n\u00eb Vlor\u00eb, u shpreh se ka th\u00ebrritur nj\u00eb mbledhje n\u00eb Ministrin\u00eb e Brendshme, p\u00ebr ristrukturimin e Policis\u00eb s\u00eb Shtetit, gj\u00eb e cila sipas tij \u00ebsht\u00eb p\u00ebrshpejtuar si shkak i ngjarjeve t\u00eb fundit n\u00eb vend. Rama la t\u00eb kuptoj\u00eb se do t\u00eb ket\u00eb ndryshime t\u00eb [&hellip;]<\/p>\n","protected":false},"author":2030,"featured_media":190846,"comment_status":"closed","ping_status":"closed","sticky":false,"template":"","format":"standard","meta":{"footnotes":""},"categories":[241,1454],"tags":[],"class_list":{"0":"post-190845","1":"post","2":"type-post","3":"status-publish","4":"format-standard","5":"has-post-thumbnail","7":"category-aktualitet","8":"category-politike"},"_links":{"self":[{"href":"https:\/\/zjarr.tv\/sq\/wp-json\/wp\/v2\/posts\/190845","targetHints":{"allow":["GET"]}}],"collection":[{"href":"https:\/\/zjarr.tv\/sq\/wp-json\/wp\/v2\/posts"}],"about":[{"href":"https:\/\/zjarr.tv\/sq\/wp-json\/wp\/v2\/types\/post"}],"author":[{"embeddable":true,"href":"https:\/\/zjarr.tv\/sq\/wp-json\/wp\/v2\/users\/2030"}],"replies":[{"embeddable":true,"href":"https:\/\/zjarr.tv\/sq\/wp-json\/wp\/v2\/comments?post=190845"}],"version-history":[{"count":0,"href":"https:\/\/zjarr.tv\/sq\/wp-json\/wp\/v2\/posts\/190845\/revisions"}],"wp:featuredmedia":[{"embeddable":true,"href":"https:\/\/zjarr.tv\/sq\/wp-json\/wp\/v2\/media\/190846"}],"wp:attachment":[{"href":"https:\/\/zjarr.tv\/sq\/wp-json\/wp\/v2\/media?parent=190845"}],"wp:term":[{"taxonomy":"category","embeddable":true,"href":"https:\/\/zjarr.tv\/sq\/wp-json\/wp\/v2\/categories?post=190845"},{"taxonomy":"post_tag","embeddable":true,"href":"https:\/\/zjarr.tv\/sq\/wp-json\/wp\/v2\/tags?post=190845"}],"curies":[{"name":"wp","href":"https:\/\/api.w.org\/{rel}","templated":true}]}}