{"id":190850,"date":"2021-06-27T16:03:58","date_gmt":"2021-06-27T14:03:58","guid":{"rendered":"https:\/\/zjarr.tv\/?p=190850"},"modified":"2021-06-27T16:03:58","modified_gmt":"2021-06-27T14:03:58","slug":"video-futet-me-semafor-te-kuq-te-21-dhjetori-shoferi-perplas-dy-makina-dhe-kembesoren-23-vjecare","status":"publish","type":"post","link":"https:\/\/zjarr.tv\/sq\/video-futet-me-semafor-te-kuq-te-21-dhjetori-shoferi-perplas-dy-makina-dhe-kembesoren-23-vjecare\/","title":{"rendered":"VIDEO: Futet me semafor t\u00eb kuq te \u201c21 Dhjetori\u201d, shoferi p\u00ebrplas dy makina dhe k\u00ebmb\u00ebsoren 23-vje\u00e7are"},"content":{"rendered":"<p>Nj\u00eb aksident i r\u00ebnd\u00eb ka ndodhur pasditen e sotme pran\u00eb \u201c21 Dhjetorit\u201d n\u00eb Tiran\u00eb ku si pasoj\u00eb ka mbetur e plagosur nj\u00eb 23-vje\u00e7are.<\/p>\n<p>Policia b\u00ebn me dije se shtetasi G.M teksa ishte duke transportuar nj\u00eb t\u00eb s\u00ebmur\u00eb p\u00ebr n\u00eb spital ka vazhduar rrug\u00ebn me semafor t\u00eb kuq dhe ka aksidentuar k\u00ebmb\u00ebsoren A. M., 23 vje\u00e7e dhe dy mjete.<\/p>\n<p>23-vje\u00e7arja menj\u00ebher\u00eb \u00ebsht\u00eb d\u00ebrguar n\u00eb spital ku ndodhet n\u00ebn kujdesin e mjek\u00ebve.<\/p>\n<p>Nd\u00ebrkoh\u00eb, grupi hetimor ndodhet n\u00eb vendngjarje dhe po punon p\u00ebr sqarimin e rrethanave t\u00eb aksidentit.<\/p>\n<p><strong>Njoftimi i plot\u00eb i Policis\u00eb:<\/strong><\/p>\n<p>Me dat\u00eb 27.06.2021, rreth or\u00ebs 14:45, tek 21-Dhjetori, mjeti me drejtues G. M., duke transportuar nj\u00eb shtetas t\u00eb s\u00ebmur\u00eb p\u00ebr n\u00eb spital, ka vazhduar l\u00ebvizjen me semafor t\u00eb kuq, dhe ka aksidentuar k\u00ebmb\u00ebsoren shtetasen A. M., 23 vje\u00e7e dhe dy mjete. Si pasoj\u00eb \u00ebsht\u00eb d\u00ebmtuar k\u00ebmb\u00ebsorja shtetasja A. M., 23 vje\u00e7e, e cila ndodhet n\u00eb spital, n\u00ebn kujdesin e mjek\u00ebve.<\/p>\n<p>Grupi hetimor ndodhet n\u00eb vendngjarje dhe po punon p\u00ebr sqarimin e rrethanave t\u00eb aksidentit.<\/p>\n<p><iframe loading=\"lazy\" class=\"wp-embedded-content\" sandbox=\"allow-scripts\" security=\"restricted\" title=\"video-1624801830\" src=\"https:\/\/streamable.com\/o\/y9mnid#?secret=MTI1609Qyf\" data-secret=\"MTI1609Qyf\" frameborder=\"0\" scrolling=\"no\" width=\"640\" height=\"1152\"><\/iframe><\/p>\n","protected":false},"excerpt":{"rendered":"<p>Nj\u00eb aksident i r\u00ebnd\u00eb ka ndodhur pasditen e sotme pran\u00eb \u201c21 Dhjetorit\u201d n\u00eb Tiran\u00eb ku si pasoj\u00eb ka mbetur e plagosur nj\u00eb 23-vje\u00e7are. Policia b\u00ebn me dije se shtetasi G.M teksa ishte duke transportuar nj\u00eb t\u00eb s\u00ebmur\u00eb p\u00ebr n\u00eb spital ka vazhduar rrug\u00ebn me semafor t\u00eb kuq dhe ka aksidentuar k\u00ebmb\u00ebsoren A. M., 23 vje\u00e7e [&hellip;]<\/p>\n","protected":false},"author":2030,"featured_media":190851,"comment_status":"closed","ping_status":"closed","sticky":false,"template":"","format":"standard","meta":{"footnotes":""},"categories":[241],"tags":[],"class_list":{"0":"post-190850","1":"post","2":"type-post","3":"status-publish","4":"format-standard","5":"has-post-thumbnail","7":"category-aktualitet"},"_links":{"self":[{"href":"https:\/\/zjarr.tv\/sq\/wp-json\/wp\/v2\/posts\/190850","targetHints":{"allow":["GET"]}}],"collection":[{"href":"https:\/\/zjarr.tv\/sq\/wp-json\/wp\/v2\/posts"}],"about":[{"href":"https:\/\/zjarr.tv\/sq\/wp-json\/wp\/v2\/types\/post"}],"author":[{"embeddable":true,"href":"https:\/\/zjarr.tv\/sq\/wp-json\/wp\/v2\/users\/2030"}],"replies":[{"embeddable":true,"href":"https:\/\/zjarr.tv\/sq\/wp-json\/wp\/v2\/comments?post=190850"}],"version-history":[{"count":0,"href":"https:\/\/zjarr.tv\/sq\/wp-json\/wp\/v2\/posts\/190850\/revisions"}],"wp:featuredmedia":[{"embeddable":true,"href":"https:\/\/zjarr.tv\/sq\/wp-json\/wp\/v2\/media\/190851"}],"wp:attachment":[{"href":"https:\/\/zjarr.tv\/sq\/wp-json\/wp\/v2\/media?parent=190850"}],"wp:term":[{"taxonomy":"category","embeddable":true,"href":"https:\/\/zjarr.tv\/sq\/wp-json\/wp\/v2\/categories?post=190850"},{"taxonomy":"post_tag","embeddable":true,"href":"https:\/\/zjarr.tv\/sq\/wp-json\/wp\/v2\/tags?post=190850"}],"curies":[{"name":"wp","href":"https:\/\/api.w.org\/{rel}","templated":true}]}}