{"id":190889,"date":"2021-06-27T19:07:29","date_gmt":"2021-06-27T17:07:29","guid":{"rendered":"https:\/\/zjarr.tv\/?p=190889"},"modified":"2021-06-27T19:07:29","modified_gmt":"2021-06-27T17:07:29","slug":"petrit-vasili-sulmon-ramen-shqiperia-ska-kryeminister-por-vetem-nje-sadist-shetites-nuk-e-shqetesojne-jetet-e-humbura-ne-vlore-dhe-velipoje","status":"publish","type":"post","link":"https:\/\/zjarr.tv\/sq\/petrit-vasili-sulmon-ramen-shqiperia-ska-kryeminister-por-vetem-nje-sadist-shetites-nuk-e-shqetesojne-jetet-e-humbura-ne-vlore-dhe-velipoje\/","title":{"rendered":"Petrit Vasili sulmon Ram\u00ebn: Shqip\u00ebria s\u2019ka kryeminist\u00ebr por vet\u00ebm nj\u00eb sadist sh\u00ebtit\u00ebs, nuk e shqet\u00ebsojn\u00eb jet\u00ebt e humbura n\u00eb Vlor\u00eb dhe Velipoj\u00eb"},"content":{"rendered":"<p>N\u00ebnkryetari i LSI-s\u00eb, Petrit Vasili, ka sulmuar kryeministrin Edi Rama, pasi shprehet se ky i fundit nuk shqet\u00ebsohet p\u00ebr viktimat e dit\u00ebve t\u00eb fundit n\u00eb aksidentin n\u00eb Vlor\u00eb dhe p\u00ebrplasjen me arm\u00eb n\u00eb Velipoj\u00eb.<\/p>\n<p>Sipas tij, Shqip\u00ebria nuk ka kryeminist\u00ebr, por nj\u00eb sadist sh\u00ebtit\u00ebs q\u00eb ka vet\u00ebm nj\u00eb paranoj\u00eb, t\u00eb hakmerret ndaj kryebashkiakut t\u00eb Vlor\u00ebs, Dritan Lelit.<\/p>\n<p>\u201cShqiperia s\u2019ka kryeminister, ka vetem nje nje sadist shetites.<\/p>\n<p>Edi Rama nuk foli asnje fjale per kater te vrare ne Velipoje dhe mban fjalim per Afrim Qendron ne mes te Vlores!<\/p>\n<p>Ndonese u vrane 4 qytetare ne Velipoje sepse qeveria e ketij sadisti nuk funksionon, Edi Rama nuk thote asnje fjale per 4 viktima ne Velipoje.<\/p>\n<p>Ky nuk thote asnje fjale as per aksidentin e Vlores ku u shua nje familje!<\/p>\n<p>Ky sadist hakmarres ka vetem nje paranoje te hakmerret ndaj Kryetarit te Bashkise Vlores Dritan Leli se nuk ju bind qe te permbushte hajdutlleqeve dhe poshtersive te ketij.<\/p>\n<p>Jetet e humbura nuk perbejne asnje shqetesim per Edi Ramen as si kryeminister as si njeri.<\/p>\n<p>Shqiperia s\u2019ka kryeminister ka thjesht nje sadist shetites\u201d, shkruan Petrit Vasili.<\/p>\n","protected":false},"excerpt":{"rendered":"<p>N\u00ebnkryetari i LSI-s\u00eb, Petrit Vasili, ka sulmuar kryeministrin Edi Rama, pasi shprehet se ky i fundit nuk shqet\u00ebsohet p\u00ebr viktimat e dit\u00ebve t\u00eb fundit n\u00eb aksidentin n\u00eb Vlor\u00eb dhe p\u00ebrplasjen me arm\u00eb n\u00eb Velipoj\u00eb. Sipas tij, Shqip\u00ebria nuk ka kryeminist\u00ebr, por nj\u00eb sadist sh\u00ebtit\u00ebs q\u00eb ka vet\u00ebm nj\u00eb paranoj\u00eb, t\u00eb hakmerret ndaj kryebashkiakut t\u00eb Vlor\u00ebs, [&hellip;]<\/p>\n","protected":false},"author":2031,"featured_media":183257,"comment_status":"closed","ping_status":"closed","sticky":false,"template":"","format":"standard","meta":{"footnotes":""},"categories":[231],"tags":[],"class_list":{"0":"post-190889","1":"post","2":"type-post","3":"status-publish","4":"format-standard","5":"has-post-thumbnail","7":"category-lajme"},"_links":{"self":[{"href":"https:\/\/zjarr.tv\/sq\/wp-json\/wp\/v2\/posts\/190889","targetHints":{"allow":["GET"]}}],"collection":[{"href":"https:\/\/zjarr.tv\/sq\/wp-json\/wp\/v2\/posts"}],"about":[{"href":"https:\/\/zjarr.tv\/sq\/wp-json\/wp\/v2\/types\/post"}],"author":[{"embeddable":true,"href":"https:\/\/zjarr.tv\/sq\/wp-json\/wp\/v2\/users\/2031"}],"replies":[{"embeddable":true,"href":"https:\/\/zjarr.tv\/sq\/wp-json\/wp\/v2\/comments?post=190889"}],"version-history":[{"count":0,"href":"https:\/\/zjarr.tv\/sq\/wp-json\/wp\/v2\/posts\/190889\/revisions"}],"wp:featuredmedia":[{"embeddable":true,"href":"https:\/\/zjarr.tv\/sq\/wp-json\/wp\/v2\/media\/183257"}],"wp:attachment":[{"href":"https:\/\/zjarr.tv\/sq\/wp-json\/wp\/v2\/media?parent=190889"}],"wp:term":[{"taxonomy":"category","embeddable":true,"href":"https:\/\/zjarr.tv\/sq\/wp-json\/wp\/v2\/categories?post=190889"},{"taxonomy":"post_tag","embeddable":true,"href":"https:\/\/zjarr.tv\/sq\/wp-json\/wp\/v2\/tags?post=190889"}],"curies":[{"name":"wp","href":"https:\/\/api.w.org\/{rel}","templated":true}]}}