{"id":192092,"date":"2021-07-05T20:13:04","date_gmt":"2021-07-05T18:13:04","guid":{"rendered":"https:\/\/zjarr.tv\/?p=192092"},"modified":"2021-07-05T20:13:04","modified_gmt":"2021-07-05T18:13:04","slug":"zbardhet-deshmia-bombe-e-francezit-per-prokurorin-e-vlores-zbulon-detaje-tronditese-per-ngarkesen-808-kg-droge-qe-drejtohej-nga-shefi","status":"publish","type":"post","link":"https:\/\/zjarr.tv\/sq\/zbardhet-deshmia-bombe-e-francezit-per-prokurorin-e-vlores-zbulon-detaje-tronditese-per-ngarkesen-808-kg-droge-qe-drejtohej-nga-shefi\/","title":{"rendered":"Zbardhet d\u00ebshmia bomb\u00eb e \u2018francezit\u2019 p\u00ebr prokurorin e Vlor\u00ebs, zbulon detaje trondit\u00ebse p\u00ebr ngarkes\u00ebn 808 kg drog\u00eb q\u00eb drejtohej nga \u2018Shefi\u2019"},"content":{"rendered":"<p>Zbulohet nj\u00eb procesverbal deklarimi q\u00eb mban dat\u00ebn 4 dhjetor 2019, ku Mariglen Shusha i njohur si \u2018francezi\u2019, \u00ebsht\u00eb pyetur p\u00ebr her\u00ebn e tret\u00eb n\u00eb ambientet e gjykat\u00ebs s\u00eb Barit.<\/p>\n<p>Fillimisht ai ka dh\u00ebn\u00eb deklarime n\u00eb datat 30 dhe 31 Maj 2019. M\u00eb pas ai ka b\u00ebr\u00eb nj\u00eb rr\u00ebfim \u201cbomb\u00eb\u201d p\u00ebrpara tre prokuror\u00ebve shqiptar\u00eb, Vladimir Mara, Dritan Pren\u00e7i dhe Pranvera Pustina, q\u00eb aktualisht \u00ebsht\u00eb drejtore e Kabinetit t\u00eb Prokurorit t\u00eb P\u00ebrgjithsh\u00ebm, Olsian \u00c7ela.<\/p>\n<p>I pranish\u00ebm n\u00eb k\u00ebt\u00eb rr\u00ebfim t\u00eb dat\u00ebs 4 dhjetor ka qen\u00eb dhe magjistrati i Barit, Ettore Cardinali.<\/p>\n<p>N\u00eb t\u00eb ai flet p\u00ebr prokurorin e Vlor\u00ebs, Maksim Sota, njohjen e tij me shefin e organizat\u00ebs Ilirjan.<\/p>\n<p>N\u00eb fakt ai flet p\u00ebr nj\u00eb ngarkes\u00eb prej 808 kg drog\u00eb q\u00eb organizat\u00ebs q\u00eb drejtohej nga \u201cShefi\u201d, Ilirjan Zaimi, ju kap n\u00eb Radhim\u00eb.<\/p>\n<p>Shum\u00eb pran\u00eb l\u00ebnd\u00ebs narkotike, u kap dhe nj\u00eb skaf n\u00eb em\u00ebr t\u00eb Robert Myftarit.<\/p>\n<p>P\u00ebr k\u00ebt\u00eb ngjarje ai tregon se policia shoq\u00ebronte furgonin e nj\u00eb mobilieri n\u00eb Vlor\u00eb pasi ishte marr\u00eb garancia.<\/p>\n<p>\u2018Francezi\u2019, ka treguar se duke qen\u00eb se skafi i Ilir Du\u00e7kollarit, ishte n\u00eb em\u00ebr t\u00eb Robert Myftarit, policia e shpalli n\u00eb k\u00ebrkim.<\/p>\n<p>\u00c7\u00ebshtja e kapjes s\u00eb drog\u00ebs thot\u00eb d\u00ebshmitari p\u00ebrpara tre prokuror\u00ebve b\u00ebri shum\u00eb buj\u00eb n\u00eb Shqip\u00ebri dhe u fol dhe n\u00eb parlament nd\u00ebrsa dosja shkoi n\u00eb Tiran\u00eb, tek Prokuroria e Krimeve t\u00eb R\u00ebnda.<\/p>\n<p><strong>Ora News<\/strong> disponon emrin e plot\u00eb t\u00eb p\u00ebrfaq\u00ebsuesit t\u00eb akuz\u00ebs, por p\u00ebr t\u00eb ruajtur dhe sekretin hetimor vendosi ta publikoj\u00eb n\u00eb nj\u00eb moment t\u00eb dyt\u00eb.<\/p>\n<p>Dosja penale mban numrin e nj\u00eb burgu n\u00eb Tiran\u00eb, Nr. 313.<\/p>\n<p>Bashk\u00ebpun\u00ebtori i drejt\u00ebsis\u00eb shprehet se ai s\u00eb bashku me Ilirjanin kan\u00eb shkuar n\u00eb Tiran\u00eb gjat\u00eb k\u00ebsaj periudhe, kan\u00eb takuar nj\u00eb avokate me q\u00ebllim p\u00ebr t\u2019ju afruar prokurorit p\u00ebr t\u00eb mbyllur \u00e7\u00ebshtjen.<\/p>\n<p>Takime, thot\u00eb ai, jan\u00eb b\u00ebr\u00eb edhe n\u00eb Fier, me nj\u00eb prokuror t\u00eb qytetit, sipas tij q\u00eb kishte lidhje me nj\u00eb parlamentar.<\/p>\n<p>N\u00eb k\u00ebt\u00eb takim Lani i ka prezantuar situat\u00ebn dhe ka nxjerr\u00eb nga \u00e7anta shum\u00ebn prej 10 mij\u00eb euro q\u00eb t\u2019ia jepte prokurorit t\u00eb Fierit, por ai nuk ka pranuar t\u2019ia marr\u00eb.<\/p>\n<p>Po n\u00eb k\u00ebt\u00eb qytet \u00ebsht\u00eb zhvilluar takim dhe me nj\u00eb tjet\u00ebr p\u00ebrfaq\u00ebsues t\u00eb akuz\u00ebs.<\/p>\n<p>Mariglen Shusha ka treguar se \u201cLani\u201d interesohej ta zgjidhte \u00e7\u00ebshtjen pasi nuk donte ti hapeshin probleme, pasi gruaja dhe v\u00ebllai i Robert Myftarit her\u00eb pas here e pyesnin se \u00e7far\u00eb kishte b\u00ebr\u00eb, pasi Myftari edhe mund t\u00eb fliste p\u00ebr \u00e7\u00ebshtjen e pron\u00ebsis\u00eb s\u00eb gomones dhe 808 kg hashash.<\/p>\n<p>Ata i k\u00ebrkonin q\u00eb ta lironin para Vitit t\u00eb Ri. T\u00eb gjitha shpenzimet financiare i kishin t\u00eb hequra nga \u201cLani\u201d.<\/p>\n<p>D\u00ebshmitari shton se nuk ka qen\u00eb prezent n\u00eb t\u00eb gjith\u00eb takimet por sipas tij, \u201cLani\u201d i ka th\u00ebn\u00eb se p\u00ebr t\u00eb mbyllur dosjen, kishte dh\u00ebn\u00eb 200 mij\u00eb euro.<\/p>\n<p>N\u00eb fakt m\u00eb dat\u00ebn 25 n\u00ebntor 2016, nga ana e prokurorit t\u00eb \u00e7\u00ebshtjes, \u00ebsht\u00eb vendosur pushimi i hetimeve ndaj Robert Myftarit, i cili ishte arrestuar p\u00ebr 808 kg l\u00ebnd\u00eb narkotike si i dyshuar p\u00ebr vepr\u00ebn penale t\u00eb \u201cTrafikimit t\u00eb Narkotik\u00ebve\u201d kryer n\u00eb bashk\u00ebpunim.<\/p>\n<p>Kjo ka sjell\u00eb lirimin p\u00ebrpara Vitit t\u00eb Ri. Nd\u00ebrsa n\u00eb 10 korrik 2017, \u00ebsht\u00eb pezulluar dosja me Nr.313.<\/p>\n<p>Hetimet jan\u00eb rihapur nga prokuror\u00ebt Mara dhe Pren\u00e7i, m\u00eb dat\u00eb 9 dhjetor 2019.<\/p>\n<p>Vet\u00ebm 5 dit\u00eb pas pyetjes s\u00eb Mariglen Shush\u00ebs n\u00eb Bari t\u00eb Italis\u00eb, \u00ebsht\u00eb vendosur rifillimi i hetimeve dhe bashkimi i e procedimin penal nr.238 vitit 2017.<\/p>\n<p>Tashm\u00eb dhe gjykata ka vendosur revokimin e vendimit t\u00eb pushimit t\u00eb hetimeve ndaj Robert Myftarit.<\/p>\n<p>Por teksa Maksim Sota \u00ebsht\u00eb ndaluar dhe \u00e7uar n\u00eb \u201carrest sht\u00ebpie\u201d, disa prokuror\u00eb t\u00eb tjer\u00eb dhe zyrtar\u00eb n\u00eb Vlor\u00eb t\u00eb p\u00ebrmendur n\u00eb d\u00ebshmin\u00eb e bashk\u00ebpun\u00ebtorit, vijojn\u00eb t\u00eb jen\u00eb ende n\u00eb detyr\u00eb.<\/p>\n<p>Madje duket se e nj\u00ebjta d\u00ebshmi ku jan\u00eb p\u00ebrmendur k\u00ebta tre prokuror\u00ebt e tjer\u00eb, nuk vlen p\u00ebr hetuesit e \u00e7\u00ebshtjes, Vladimir Mara dhe Dritan Pren\u00e7i, t\u00eb cil\u00ebt nuk kan\u00eb shtrir\u00eb fijen e \u201cfilispanj\u00ebs\u201d dhe tek t\u00eb p\u00ebrmendurit e tjer\u00eb n\u00eb d\u00ebshmin\u00eb e bashk\u00ebpun\u00ebtorit t\u00eb drejt\u00ebsis\u00eb.<\/p>\n<p>Ose kjo gj\u00eb \u00ebsht\u00eb b\u00ebr\u00eb nga paaft\u00ebsia e tyre, ose me q\u00ebllim, ose jan\u00eb l\u00ebn\u00eb k\u00ebta emra p\u00ebr nj\u00eb moment tjet\u00ebr, kur t\u00eb organizohet nj\u00eb operacion i m\u00ebvonsh\u00ebm.<\/p>\n","protected":false},"excerpt":{"rendered":"<p>Zbulohet nj\u00eb procesverbal deklarimi q\u00eb mban dat\u00ebn 4 dhjetor 2019, ku Mariglen Shusha i njohur si \u2018francezi\u2019, \u00ebsht\u00eb pyetur p\u00ebr her\u00ebn e tret\u00eb n\u00eb ambientet e gjykat\u00ebs s\u00eb Barit. Fillimisht ai ka dh\u00ebn\u00eb deklarime n\u00eb datat 30 dhe 31 Maj 2019. M\u00eb pas ai ka b\u00ebr\u00eb nj\u00eb rr\u00ebfim \u201cbomb\u00eb\u201d p\u00ebrpara tre prokuror\u00ebve shqiptar\u00eb, Vladimir Mara, [&hellip;]<\/p>\n","protected":false},"author":2031,"featured_media":192093,"comment_status":"closed","ping_status":"closed","sticky":false,"template":"","format":"standard","meta":{"footnotes":""},"categories":[231],"tags":[],"class_list":{"0":"post-192092","1":"post","2":"type-post","3":"status-publish","4":"format-standard","5":"has-post-thumbnail","7":"category-lajme"},"_links":{"self":[{"href":"https:\/\/zjarr.tv\/sq\/wp-json\/wp\/v2\/posts\/192092","targetHints":{"allow":["GET"]}}],"collection":[{"href":"https:\/\/zjarr.tv\/sq\/wp-json\/wp\/v2\/posts"}],"about":[{"href":"https:\/\/zjarr.tv\/sq\/wp-json\/wp\/v2\/types\/post"}],"author":[{"embeddable":true,"href":"https:\/\/zjarr.tv\/sq\/wp-json\/wp\/v2\/users\/2031"}],"replies":[{"embeddable":true,"href":"https:\/\/zjarr.tv\/sq\/wp-json\/wp\/v2\/comments?post=192092"}],"version-history":[{"count":0,"href":"https:\/\/zjarr.tv\/sq\/wp-json\/wp\/v2\/posts\/192092\/revisions"}],"wp:featuredmedia":[{"embeddable":true,"href":"https:\/\/zjarr.tv\/sq\/wp-json\/wp\/v2\/media\/192093"}],"wp:attachment":[{"href":"https:\/\/zjarr.tv\/sq\/wp-json\/wp\/v2\/media?parent=192092"}],"wp:term":[{"taxonomy":"category","embeddable":true,"href":"https:\/\/zjarr.tv\/sq\/wp-json\/wp\/v2\/categories?post=192092"},{"taxonomy":"post_tag","embeddable":true,"href":"https:\/\/zjarr.tv\/sq\/wp-json\/wp\/v2\/tags?post=192092"}],"curies":[{"name":"wp","href":"https:\/\/api.w.org\/{rel}","templated":true}]}}