{"id":192105,"date":"2021-07-06T08:15:15","date_gmt":"2021-07-06T06:15:15","guid":{"rendered":"https:\/\/zjarr.tv\/?p=192105"},"modified":"2021-07-06T08:15:15","modified_gmt":"2021-07-06T06:15:15","slug":"ambasadorja-yuri-kim-lutet-per-fermeren-pasi-provoi-shalqirin-e-lushnjes-zoti-i-bekofte-duart-e-tua-foto","status":"publish","type":"post","link":"https:\/\/zjarr.tv\/sq\/ambasadorja-yuri-kim-lutet-per-fermeren-pasi-provoi-shalqirin-e-lushnjes-zoti-i-bekofte-duart-e-tua-foto\/","title":{"rendered":"Ambasadorja Yuri Kim, lutet p\u00ebr fermeren pasi provoi shalqirin e Lushnjes: Zoti i bekoft\u00eb duart e tua (Foto)"},"content":{"rendered":"<p>\u201cShqip\u00ebria ka shalqirin m\u00eb t\u00eb mir\u00eb n\u00eb bot\u00eb\u201d, k\u00ebshtu shprehet Yuri Kim n\u00eb nj\u00eb foto q\u00eb ka publikuar n\u00eb Instastory.<\/p>\n<p><img loading=\"lazy\" decoding=\"async\" class=\"alignnone size-full wp-image-192106\" src=\"https:\/\/zjarr.tv\/wp-content\/uploads\/2021\/07\/kim.png\" alt=\"\" width=\"553\" height=\"738\" srcset=\"https:\/\/zjarr.tv\/wp-content\/uploads\/2021\/07\/kim.png 553w, https:\/\/zjarr.tv\/wp-content\/uploads\/2021\/07\/kim-225x300.png 225w, https:\/\/zjarr.tv\/wp-content\/uploads\/2021\/07\/kim-315x420.png 315w\" sizes=\"auto, (max-width: 553px) 100vw, 553px\" \/><\/p>\n<p>Ambasadorja amerikane, shihet t\u00eb ket\u00eb vizituar nj\u00eb shit\u00ebse diku n\u00eb nj\u00eb cep t\u00eb Shqip\u00ebris\u00eb, p\u00ebr t\u00eb cil\u00ebn lutet q\u00eb Zoti t\u2019i bekoj\u00eb duart, pasi ajo nuk \u00ebsht\u00eb vet\u00ebm shit\u00ebse, por edhe fermere q\u00eb e mbjell shalqirin n\u00eb tok\u00ebn e saj.<\/p>\n<p>Diplomatja shihet e qeshur dhe e veshur tep\u00ebr thjesht\u00eb, duke iu p\u00ebrshtatur ambientit.<\/p>\n<p>Kim ka ndaluar p\u00ebr t\u00eb bler\u00eb di\u00e7ka, por nuk ka harruar t\u00eb shkrep\u00eb dhe disa foto duke i ndar\u00eb me krenari me ndjek\u00ebsit e saj n\u00eb rrjete sociale, si\u00e7 b\u00ebn gjithnj\u00eb kur viziton vende t\u00eb bukura dhe historike t\u00eb Shqip\u00ebris\u00eb.<\/p>\n<p>&nbsp;<\/p>\n","protected":false},"excerpt":{"rendered":"<p>\u201cShqip\u00ebria ka shalqirin m\u00eb t\u00eb mir\u00eb n\u00eb bot\u00eb\u201d, k\u00ebshtu shprehet Yuri Kim n\u00eb nj\u00eb foto q\u00eb ka publikuar n\u00eb Instastory. Ambasadorja amerikane, shihet t\u00eb ket\u00eb vizituar nj\u00eb shit\u00ebse diku n\u00eb nj\u00eb cep t\u00eb Shqip\u00ebris\u00eb, p\u00ebr t\u00eb cil\u00ebn lutet q\u00eb Zoti t\u2019i bekoj\u00eb duart, pasi ajo nuk \u00ebsht\u00eb vet\u00ebm shit\u00ebse, por edhe fermere q\u00eb e mbjell [&hellip;]<\/p>\n","protected":false},"author":2016,"featured_media":192108,"comment_status":"closed","ping_status":"closed","sticky":false,"template":"","format":"standard","meta":{"footnotes":""},"categories":[241],"tags":[4172],"class_list":{"0":"post-192105","1":"post","2":"type-post","3":"status-publish","4":"format-standard","5":"has-post-thumbnail","7":"category-aktualitet","8":"tag-lajme-zjarr-yuri-kim-lutet-per-fermeren-zjarr-tv"},"_links":{"self":[{"href":"https:\/\/zjarr.tv\/sq\/wp-json\/wp\/v2\/posts\/192105","targetHints":{"allow":["GET"]}}],"collection":[{"href":"https:\/\/zjarr.tv\/sq\/wp-json\/wp\/v2\/posts"}],"about":[{"href":"https:\/\/zjarr.tv\/sq\/wp-json\/wp\/v2\/types\/post"}],"author":[{"embeddable":true,"href":"https:\/\/zjarr.tv\/sq\/wp-json\/wp\/v2\/users\/2016"}],"replies":[{"embeddable":true,"href":"https:\/\/zjarr.tv\/sq\/wp-json\/wp\/v2\/comments?post=192105"}],"version-history":[{"count":0,"href":"https:\/\/zjarr.tv\/sq\/wp-json\/wp\/v2\/posts\/192105\/revisions"}],"wp:featuredmedia":[{"embeddable":true,"href":"https:\/\/zjarr.tv\/sq\/wp-json\/wp\/v2\/media\/192108"}],"wp:attachment":[{"href":"https:\/\/zjarr.tv\/sq\/wp-json\/wp\/v2\/media?parent=192105"}],"wp:term":[{"taxonomy":"category","embeddable":true,"href":"https:\/\/zjarr.tv\/sq\/wp-json\/wp\/v2\/categories?post=192105"},{"taxonomy":"post_tag","embeddable":true,"href":"https:\/\/zjarr.tv\/sq\/wp-json\/wp\/v2\/tags?post=192105"}],"curies":[{"name":"wp","href":"https:\/\/api.w.org\/{rel}","templated":true}]}}