{"id":192115,"date":"2021-07-06T09:06:10","date_gmt":"2021-07-06T07:06:10","guid":{"rendered":"https:\/\/zjarr.tv\/?p=192115"},"modified":"2021-07-06T09:06:10","modified_gmt":"2021-07-06T07:06:10","slug":"bujar-nishani-vendi-eshte-ne-prag-te-nje-shperthimi-social-i-duhet-nje-opozite-e-forte-perballe-keqqeverisjes-se-rames","status":"publish","type":"post","link":"https:\/\/zjarr.tv\/sq\/bujar-nishani-vendi-eshte-ne-prag-te-nje-shperthimi-social-i-duhet-nje-opozite-e-forte-perballe-keqqeverisjes-se-rames\/","title":{"rendered":"Bujar Nishani: Vendi \u00ebsht\u00eb n\u00eb prag t\u00eb nj\u00eb shp\u00ebrthimi social, i duhet nj\u00eb opozit\u00eb e fort\u00eb p\u00ebrball\u00eb keqqeverisjes s\u00eb Ram\u00ebs\u2026"},"content":{"rendered":"<p>Lidhur mbi zhvillimet brenda PD-s\u00eb, ish-Presidenti Nishani, tha n\u00eb \u201c\u00c7im Peka Live\u201d, se lidhur mbi q\u00ebndrimet e tij ndaj Bash\u00ebs, ai ka qen\u00eb kund\u00ebr mbledhjes s\u00eb K\u00ebshillit Komb\u00ebtar dhe ishte koha p\u00ebr t\u00eb shkuar te baza, p\u00ebr t\u00eb par\u00eb realisht se \u00e7far\u00eb ka ndodhur me Zgjedhjet e 25 Prillit.<\/p>\n<p>Nishani tha se jemi n\u00eb prag t\u00eb nj\u00eb shp\u00ebrthimi social dhe vendit i duhet nj\u00eb opozit\u00eb e fort\u00eb.<\/p>\n<p>\u201cUn\u00eb kam votuar. Nuk u diskutua fare data e zgjedhjeve. Un\u00eb e kam kund\u00ebrshtuar si proces. Pas z. Basha kam marr\u00eb fjal\u00ebn si kryetar i K\u00ebshillit Komb\u00ebtar dhe kam n\u00ebnvizuar q\u00eb mbledhja e K\u00ebshillit Komb\u00ebtar n\u00eb at\u00eb koh\u00eb dhe \u00e7\u00ebshtjet q\u00eb ishin dh\u00ebn\u00eb p\u00ebr diskutim ishin jasht\u00eb koh\u00ebs, t\u00eb parakohshme dhe t\u00eb pagjetura.<\/p>\n<p>Sepse nuk ishte koha as p\u00ebr zgjedhjet, as p\u00ebr analiz\u00eb n\u00eb K\u00ebshill Komb\u00ebtar, ishte koha p\u00ebr t\u00eb shkuar t\u00eb baza, p\u00ebr t\u00eb par\u00eb se \u00e7far\u00eb ka ndodhur realisht.<\/p>\n<p>N\u00ebse ka nxituar Nishani, ka nxituar sepse nxitoi Basha p\u00ebr t\u2019i ikur p\u00ebrgjegj\u00ebsis\u00eb. Q\u00eb tha se tani do t\u00eb fillonte betej\u00ebn. Si fillon betej\u00ebn?! Pas 3 humbjesh?! Kjo ishte fyese.<\/p>\n<p>Ishte nj\u00eb platform\u00eb p\u00ebr t\u2019i ikur p\u00ebrgjegj\u00ebsis\u00eb politike. K\u00ebtu \u00ebsht\u00eb \u00e7\u00ebshtja e PD dhe alternativ\u00ebs qeveris\u00ebse.<\/p>\n<p>N\u00ebse PD do t\u00eb vazhdoj\u00eb n\u00eb k\u00ebt\u00eb gjendje, me nj\u00eb qeverisje skandaloze q\u00eb duhet t\u00eb ket\u00eb frik\u00eb nga opozita, k\u00ebtu nuk ekziston m\u00eb, kjo \u00ebsht\u00eb shuarja e gjith\u00e7kaje.<\/p>\n<p>Nuk \u00ebsht\u00eb m\u00eb shqet\u00ebsimi im karrigia e opozit\u00ebs.<\/p>\n<p>Dhe ne do t\u00eb shkojm\u00eb drejt shp\u00ebrthimit social\u201d.<\/p>\n<p>&nbsp;<\/p>\n","protected":false},"excerpt":{"rendered":"<p>Lidhur mbi zhvillimet brenda PD-s\u00eb, ish-Presidenti Nishani, tha n\u00eb \u201c\u00c7im Peka Live\u201d, se lidhur mbi q\u00ebndrimet e tij ndaj Bash\u00ebs, ai ka qen\u00eb kund\u00ebr mbledhjes s\u00eb K\u00ebshillit Komb\u00ebtar dhe ishte koha p\u00ebr t\u00eb shkuar te baza, p\u00ebr t\u00eb par\u00eb realisht se \u00e7far\u00eb ka ndodhur me Zgjedhjet e 25 Prillit. Nishani tha se jemi n\u00eb prag [&hellip;]<\/p>\n","protected":false},"author":2016,"featured_media":188823,"comment_status":"closed","ping_status":"closed","sticky":false,"template":"","format":"standard","meta":{"footnotes":""},"categories":[241,231,1454,235],"tags":[4175],"class_list":{"0":"post-192115","1":"post","2":"type-post","3":"status-publish","4":"format-standard","5":"has-post-thumbnail","7":"category-aktualitet","8":"category-lajme","9":"category-politike","10":"category-vendi","11":"tag-lajme-zjarr-bujar-nishani-zjarr-tv"},"_links":{"self":[{"href":"https:\/\/zjarr.tv\/sq\/wp-json\/wp\/v2\/posts\/192115","targetHints":{"allow":["GET"]}}],"collection":[{"href":"https:\/\/zjarr.tv\/sq\/wp-json\/wp\/v2\/posts"}],"about":[{"href":"https:\/\/zjarr.tv\/sq\/wp-json\/wp\/v2\/types\/post"}],"author":[{"embeddable":true,"href":"https:\/\/zjarr.tv\/sq\/wp-json\/wp\/v2\/users\/2016"}],"replies":[{"embeddable":true,"href":"https:\/\/zjarr.tv\/sq\/wp-json\/wp\/v2\/comments?post=192115"}],"version-history":[{"count":0,"href":"https:\/\/zjarr.tv\/sq\/wp-json\/wp\/v2\/posts\/192115\/revisions"}],"wp:featuredmedia":[{"embeddable":true,"href":"https:\/\/zjarr.tv\/sq\/wp-json\/wp\/v2\/media\/188823"}],"wp:attachment":[{"href":"https:\/\/zjarr.tv\/sq\/wp-json\/wp\/v2\/media?parent=192115"}],"wp:term":[{"taxonomy":"category","embeddable":true,"href":"https:\/\/zjarr.tv\/sq\/wp-json\/wp\/v2\/categories?post=192115"},{"taxonomy":"post_tag","embeddable":true,"href":"https:\/\/zjarr.tv\/sq\/wp-json\/wp\/v2\/tags?post=192115"}],"curies":[{"name":"wp","href":"https:\/\/api.w.org\/{rel}","templated":true}]}}