{"id":192117,"date":"2021-07-06T09:19:10","date_gmt":"2021-07-06T07:19:10","guid":{"rendered":"https:\/\/zjarr.tv\/?p=192117"},"modified":"2021-07-06T09:19:10","modified_gmt":"2021-07-06T07:19:10","slug":"e-trishte-ndahet-nga-jeta-poeti-petrit-ruka","status":"publish","type":"post","link":"https:\/\/zjarr.tv\/sq\/e-trishte-ndahet-nga-jeta-poeti-petrit-ruka\/","title":{"rendered":"E trisht\u00eb\/ Ndahet nga jeta poeti Petrit Ruka\u2026"},"content":{"rendered":"<p style=\"margin-top: 0in; background: white;\"><span style=\"color: #212529;\">\u00cbsht\u00eb shuar n\u00eb mosh\u00ebn 67-vje\u00e7are, poeti dhe kineasti i shquar Petrit Ruka.<\/span><\/p>\n<p style=\"margin-top: 0in; background: white; box-sizing: border-box; margin-bottom: 1rem; font-variant-ligatures: normal; font-variant-caps: normal; orphans: 2; widows: 2; -webkit-text-stroke-width: 0px; text-decoration-thickness: initial; text-decoration-style: initial; text-decoration-color: initial; word-spacing: 0px;\"><span style=\"color: #212529;\">Lajmin p\u00ebr ndarjen e tij nga jeta, e kan\u00eb dh\u00ebn\u00eb t\u00eb af\u00ebrmit dhe miqt\u00eb e tij.<\/span><\/p>\n<p style=\"margin-top: 0in; background: white; box-sizing: border-box; margin-bottom: 1rem; font-variant-ligatures: normal; font-variant-caps: normal; orphans: 2; widows: 2; -webkit-text-stroke-width: 0px; text-decoration-thickness: initial; text-decoration-style: initial; text-decoration-color: initial; word-spacing: 0px;\"><span style=\"color: #212529;\">M\u00ebngjesin e sot\u00ebm, poeti ka mbyllur syt\u00eb p\u00ebrgjithmon\u00eb, p\u00ebr shkak t\u00eb nj\u00eb s\u00ebmundjeje n\u00eb zem\u00ebr q\u00eb e torturonte prej koh\u00ebsh.<\/span><\/p>\n<p style=\"margin-top: 0in; background: white; box-sizing: border-box; margin-bottom: 1rem; font-variant-ligatures: normal; font-variant-caps: normal; orphans: 2; widows: 2; -webkit-text-stroke-width: 0px; text-decoration-thickness: initial; text-decoration-style: initial; text-decoration-color: initial; word-spacing: 0px;\"><span style=\"color: #212529;\">Ruka ka lindur n\u00eb Tepelen\u00eb m\u00eb 21.08.1954. Ka kryer studimet e larta p\u00ebr Gjuh\u00eb- Let\u00ebrsi Shqipe, nd\u00ebrsa studimet pasuniversitare p\u0451r dramaturgji filmike, Akademia e Arteve t\u00eb Bukura, Tiran\u0451 1985-1986. Ka punuar si pedagog n\u0451 Shkoll\u0451n e Mesme t\u0451 P\u0451rgjthshme, Tepelen\u0451.1976-1984.<\/span><\/p>\n<p style=\"margin-top: 0in; background: white; box-sizing: border-box; margin-bottom: 1rem; font-variant-ligatures: normal; font-variant-caps: normal; orphans: 2; widows: 2; -webkit-text-stroke-width: 0px; text-decoration-thickness: initial; text-decoration-style: initial; text-decoration-color: initial; word-spacing: 0px;\"><span style=\"color: #212529;\">Skenarist dhe regjisor. Kinostudio \u201cShqip\u0451ria e Re\u201d dhe Alba Film Studio.Tiran\u0451.1986-1996.<\/span><\/p>\n<p style=\"margin-top: 0in; background: white; box-sizing: border-box; margin-bottom: 1rem; font-variant-ligatures: normal; font-variant-caps: normal; orphans: 2; widows: 2; -webkit-text-stroke-width: 0px; text-decoration-thickness: initial; text-decoration-style: initial; text-decoration-color: initial; word-spacing: 0px;\"><span style=\"color: #212529;\">Drejtor n\u0451 Teatrin Komb\u00ebtar t\u00eb F\u00ebmij\u00ebve. Tiran\u0451 2000. Kryetar i Qendr\u00ebs Komb\u00ebtare Kinematografike Shqiptare 2000-2005.<\/span><\/p>\n","protected":false},"excerpt":{"rendered":"<p>\u00cbsht\u00eb shuar n\u00eb mosh\u00ebn 67-vje\u00e7are, poeti dhe kineasti i shquar Petrit Ruka. Lajmin p\u00ebr ndarjen e tij nga jeta, e kan\u00eb dh\u00ebn\u00eb t\u00eb af\u00ebrmit dhe miqt\u00eb e tij. M\u00ebngjesin e sot\u00ebm, poeti ka mbyllur syt\u00eb p\u00ebrgjithmon\u00eb, p\u00ebr shkak t\u00eb nj\u00eb s\u00ebmundjeje n\u00eb zem\u00ebr q\u00eb e torturonte prej koh\u00ebsh. Ruka ka lindur n\u00eb Tepelen\u00eb m\u00eb 21.08.1954. [&hellip;]<\/p>\n","protected":false},"author":2016,"featured_media":192119,"comment_status":"closed","ping_status":"closed","sticky":false,"template":"","format":"standard","meta":{"footnotes":""},"categories":[241],"tags":[4176],"class_list":{"0":"post-192117","1":"post","2":"type-post","3":"status-publish","4":"format-standard","5":"has-post-thumbnail","7":"category-aktualitet","8":"tag-lajme-zjarr-ndahet-nga-jeta-poeti-petrit-ruka-zjarr-tv"},"_links":{"self":[{"href":"https:\/\/zjarr.tv\/sq\/wp-json\/wp\/v2\/posts\/192117","targetHints":{"allow":["GET"]}}],"collection":[{"href":"https:\/\/zjarr.tv\/sq\/wp-json\/wp\/v2\/posts"}],"about":[{"href":"https:\/\/zjarr.tv\/sq\/wp-json\/wp\/v2\/types\/post"}],"author":[{"embeddable":true,"href":"https:\/\/zjarr.tv\/sq\/wp-json\/wp\/v2\/users\/2016"}],"replies":[{"embeddable":true,"href":"https:\/\/zjarr.tv\/sq\/wp-json\/wp\/v2\/comments?post=192117"}],"version-history":[{"count":0,"href":"https:\/\/zjarr.tv\/sq\/wp-json\/wp\/v2\/posts\/192117\/revisions"}],"wp:featuredmedia":[{"embeddable":true,"href":"https:\/\/zjarr.tv\/sq\/wp-json\/wp\/v2\/media\/192119"}],"wp:attachment":[{"href":"https:\/\/zjarr.tv\/sq\/wp-json\/wp\/v2\/media?parent=192117"}],"wp:term":[{"taxonomy":"category","embeddable":true,"href":"https:\/\/zjarr.tv\/sq\/wp-json\/wp\/v2\/categories?post=192117"},{"taxonomy":"post_tag","embeddable":true,"href":"https:\/\/zjarr.tv\/sq\/wp-json\/wp\/v2\/tags?post=192117"}],"curies":[{"name":"wp","href":"https:\/\/api.w.org\/{rel}","templated":true}]}}