{"id":192127,"date":"2021-07-06T10:41:32","date_gmt":"2021-07-06T08:41:32","guid":{"rendered":"https:\/\/zjarr.tv\/?p=192127"},"modified":"2021-07-06T10:41:32","modified_gmt":"2021-07-06T08:41:32","slug":"fnsh-dhe-renea-zbarkojne-ne-bashkine-e-lushnjes-arrestohet-kryebashkiaku-fatos-tushe","status":"publish","type":"post","link":"https:\/\/zjarr.tv\/sq\/fnsh-dhe-renea-zbarkojne-ne-bashkine-e-lushnjes-arrestohet-kryebashkiaku-fatos-tushe\/","title":{"rendered":"FNSH dhe RENEA zbarkojn\u00eb n\u00eb Bashkin\u00eb e Lushnjes, arrestohet kryebashkiaku Fatos Tushe\u2026"},"content":{"rendered":"<p style=\"margin-top: 0in; background: white;\"><span style=\"color: #212529;\">Paraditen e sotme, Prokuroria e Posa\u00e7me Anti-Korrupsion (SPAK), ka finalizuar nj\u00eb operacion masiv n\u00eb zyr\u00ebn e nd\u00ebrmarrjes s\u00eb pasurive n\u00eb Bashkin\u00eb e Lushnjes. FNSH dhe RENEA, kan\u00eb arrestuar 10 persona mes tyre edhe kryetari i Bashkis\u00eb s\u00eb Lushnjes Fatos Tushe.<\/span><\/p>\n<p style=\"margin-top: 0in; background: white; box-sizing: border-box; margin-bottom: 1rem; font-variant-ligatures: normal; font-variant-caps: normal; orphans: 2; widows: 2; -webkit-text-stroke-width: 0px; text-decoration-thickness: initial; text-decoration-style: initial; text-decoration-color: initial; word-spacing: 0px;\"><span style=\"color: #212529;\">Burime b\u00ebjn\u00eb me dije p\u00ebr ABC, se Fatos Tushe dyshohet se ka dh\u00ebn\u00eb leje nd\u00ebrtimi t\u00eb paligjshme p\u00ebr subjekte dhe individ\u00eb t\u00eb caktuar, duke shfryt\u00ebzuar pozit\u00ebn e tij si kryebashkiak i Lushnjes.<\/span><\/p>\n<p style=\"margin-top: 0in; background: white; box-sizing: border-box; margin-bottom: 1rem; font-variant-ligatures: normal; font-variant-caps: normal; orphans: 2; widows: 2; -webkit-text-stroke-width: 0px; text-decoration-thickness: initial; text-decoration-style: initial; text-decoration-color: initial; word-spacing: 0px;\"><span style=\"color: #212529;\">Aksioni \u00ebsht\u00eb ende n\u00eb zhvillim e sip\u00ebr dhe nuk b\u00ebhen t\u00eb ditura m\u00eb shum\u00eb detaje. Nd\u00ebrkoh\u00eb pritet njoftimi i SPAK n\u00eb lidhje me urdh\u00ebr arrestet e firmosura, p\u00ebr n\u00ebpun\u00ebs\u00a0publik deri te kreu i Bashkis\u00eb Fatos Tushe.<\/span><\/p>\n","protected":false},"excerpt":{"rendered":"<p>Paraditen e sotme, Prokuroria e Posa\u00e7me Anti-Korrupsion (SPAK), ka finalizuar nj\u00eb operacion masiv n\u00eb zyr\u00ebn e nd\u00ebrmarrjes s\u00eb pasurive n\u00eb Bashkin\u00eb e Lushnjes. FNSH dhe RENEA, kan\u00eb arrestuar 10 persona mes tyre edhe kryetari i Bashkis\u00eb s\u00eb Lushnjes Fatos Tushe. Burime b\u00ebjn\u00eb me dije p\u00ebr ABC, se Fatos Tushe dyshohet se ka dh\u00ebn\u00eb leje nd\u00ebrtimi [&hellip;]<\/p>\n","protected":false},"author":2016,"featured_media":192129,"comment_status":"closed","ping_status":"closed","sticky":false,"template":"","format":"standard","meta":{"footnotes":""},"categories":[241],"tags":[4179],"class_list":{"0":"post-192127","1":"post","2":"type-post","3":"status-publish","4":"format-standard","5":"has-post-thumbnail","7":"category-aktualitet","8":"tag-lajme-zjarr-arrestohet-kryebashkiaku-fatos-tushe-zjarr-tv"},"_links":{"self":[{"href":"https:\/\/zjarr.tv\/sq\/wp-json\/wp\/v2\/posts\/192127","targetHints":{"allow":["GET"]}}],"collection":[{"href":"https:\/\/zjarr.tv\/sq\/wp-json\/wp\/v2\/posts"}],"about":[{"href":"https:\/\/zjarr.tv\/sq\/wp-json\/wp\/v2\/types\/post"}],"author":[{"embeddable":true,"href":"https:\/\/zjarr.tv\/sq\/wp-json\/wp\/v2\/users\/2016"}],"replies":[{"embeddable":true,"href":"https:\/\/zjarr.tv\/sq\/wp-json\/wp\/v2\/comments?post=192127"}],"version-history":[{"count":0,"href":"https:\/\/zjarr.tv\/sq\/wp-json\/wp\/v2\/posts\/192127\/revisions"}],"wp:featuredmedia":[{"embeddable":true,"href":"https:\/\/zjarr.tv\/sq\/wp-json\/wp\/v2\/media\/192129"}],"wp:attachment":[{"href":"https:\/\/zjarr.tv\/sq\/wp-json\/wp\/v2\/media?parent=192127"}],"wp:term":[{"taxonomy":"category","embeddable":true,"href":"https:\/\/zjarr.tv\/sq\/wp-json\/wp\/v2\/categories?post=192127"},{"taxonomy":"post_tag","embeddable":true,"href":"https:\/\/zjarr.tv\/sq\/wp-json\/wp\/v2\/tags?post=192127"}],"curies":[{"name":"wp","href":"https:\/\/api.w.org\/{rel}","templated":true}]}}