{"id":192134,"date":"2021-07-06T11:13:05","date_gmt":"2021-07-06T09:13:05","guid":{"rendered":"https:\/\/zjarr.tv\/?p=192134"},"modified":"2021-07-06T11:13:05","modified_gmt":"2021-07-06T09:13:05","slug":"mesazhi-i-forte-i-majlinda-bregut-be-ja-e-ka-humbur-magjine-qe-ka-pasur-dikur-ja-pse-po-zvarritet-rruga-europiane-e-shqiperise","status":"publish","type":"post","link":"https:\/\/zjarr.tv\/sq\/mesazhi-i-forte-i-majlinda-bregut-be-ja-e-ka-humbur-magjine-qe-ka-pasur-dikur-ja-pse-po-zvarritet-rruga-europiane-e-shqiperise\/","title":{"rendered":"Mesazhi i fort\u00eb i Majlinda Bregut: BE-ja e ka humbur magjin\u00eb q\u00eb ka pasur dikur, ja pse po zvarritet rruga europiane e Shqip\u00ebris\u00eb\u2026"},"content":{"rendered":"<p><em>\u201cVendet e Ballkanit Per\u00ebndimor nuk kan\u00eb treguar efikasitet p\u00ebr t\u00eb p\u00ebrthithur projekte dhe fondet t\u00eb mjaftueshme nga Bashkimi Evropian\u201d,<\/em>\u00a0\u00ebsht\u00eb shprehur sekretarja e P\u00ebrgjithshme e K\u00ebshillit t\u00eb Bashk\u00ebpunimit Rajonal, Majlinda Bregu gjat\u00eb intervist\u00ebs.<\/p>\n<p><em style=\"font-weight: inherit;\">\u201cP\u00ebr t\u00eb patur projekt rajonal, duhen ide rajonale dhe lobime n\u00ebp\u00ebr banka. Ne nuk jemi t\u00eb suksessh\u00ebm p\u00ebr t\u00eb p\u00ebrthithur projekte rajonale. Flas p\u00ebr t\u00eb gjith\u00eb rajonin, sepse e kuptoj se gjuha vete ku dhemb dh\u00ebmbi, por jam e detyruar t\u00eb flas p\u00ebr rajonin\u201d,<\/em>\u00a0\u2013 tha Bregu.<\/p>\n<p>Ajo foli p\u00ebr diskutimin n\u00eb Samitin e Berlinit, nd\u00ebrsa tha se mesazhi kryesor q\u00eb u p\u00ebrcoll ishte: q\u00eb problemet bilaterale midis vendeve t\u00eb Ballkanit Per\u00ebndimor, nuk duhet t\u00eb b\u00ebhen kurrsesi penges\u00eb p\u00ebr agjend\u00ebn e zhvillimit rajonal.<\/p>\n<p><em style=\"font-weight: inherit;\"> \u201cMesazhi i sot\u00ebm edhe pse ishte samiti i fundit n\u00ebn drejtimin e Merkel, ishte vijimi i bashk\u00ebpunimit rajonal dhe p\u00ebr t\u00eb mos lejuar q\u00eb problemet bilaterale t\u00eb r\u00ebndojn\u00eb mbi agjend\u00ebn rajonale\u201d,<\/em>\u00a0\u2013 tha ajo.<\/p>\n<p>P\u00ebrball\u00eb moderatores Erla M\u00ebhilli, znj. Bregu tha se rruga europiane e Shqip\u00ebris\u00eb dhe e vendeve t\u00eb tjera t\u00eb Ballkanit Perendimor, po zvarritet p\u00ebr faktin se Bashkimi Europian e ka humbur \u201cmagjin\u00eb e dikurshme\u201d.<\/p>\n<p><em style=\"font-weight: inherit;\">\u201cPrej n\u00ebntorit t\u00eb vitit t\u00eb kaluar ka nj\u00eb plan, q\u00eb quhet tregu i p\u00ebrbashk\u00ebt rajonal t\u00eb Ballkanit Per\u00ebndimor t\u00eb gjasht\u00eb vendeve. \u00cbsht\u00eb nj\u00eb projekt, i cili sot nuk e ka at\u00eb magjin\u00eb q\u00eb ka pasur dikur. Ne nuk mund t\u00eb presim edhe 30 vjet t\u00eb tjera n\u00eb rajon, q\u00eb t\u00eb themi se jemi vend an\u00ebtar i BE-s\u00eb, kur vendet an\u00ebtare t\u00eb BE kan\u00eb probleme me nj\u00ebri-tjetrin dhe me bashjetes\u00ebn e tyre\u201d<\/em>, \u2013 theksoi znj. Bregu.<\/p>\n","protected":false},"excerpt":{"rendered":"<p>\u201cVendet e Ballkanit Per\u00ebndimor nuk kan\u00eb treguar efikasitet p\u00ebr t\u00eb p\u00ebrthithur projekte dhe fondet t\u00eb mjaftueshme nga Bashkimi Evropian\u201d,\u00a0\u00ebsht\u00eb shprehur sekretarja e P\u00ebrgjithshme e K\u00ebshillit t\u00eb Bashk\u00ebpunimit Rajonal, Majlinda Bregu gjat\u00eb intervist\u00ebs. \u201cP\u00ebr t\u00eb patur projekt rajonal, duhen ide rajonale dhe lobime n\u00ebp\u00ebr banka. Ne nuk jemi t\u00eb suksessh\u00ebm p\u00ebr t\u00eb p\u00ebrthithur projekte rajonale. Flas [&hellip;]<\/p>\n","protected":false},"author":2016,"featured_media":161344,"comment_status":"closed","ping_status":"closed","sticky":false,"template":"","format":"standard","meta":{"footnotes":""},"categories":[241,1454],"tags":[4180],"class_list":{"0":"post-192134","1":"post","2":"type-post","3":"status-publish","4":"format-standard","5":"has-post-thumbnail","7":"category-aktualitet","8":"category-politike","9":"tag-lajme-zjarr-mesazhi-i-forte-i-majlinda-bregut-zjarr-tv"},"_links":{"self":[{"href":"https:\/\/zjarr.tv\/sq\/wp-json\/wp\/v2\/posts\/192134","targetHints":{"allow":["GET"]}}],"collection":[{"href":"https:\/\/zjarr.tv\/sq\/wp-json\/wp\/v2\/posts"}],"about":[{"href":"https:\/\/zjarr.tv\/sq\/wp-json\/wp\/v2\/types\/post"}],"author":[{"embeddable":true,"href":"https:\/\/zjarr.tv\/sq\/wp-json\/wp\/v2\/users\/2016"}],"replies":[{"embeddable":true,"href":"https:\/\/zjarr.tv\/sq\/wp-json\/wp\/v2\/comments?post=192134"}],"version-history":[{"count":0,"href":"https:\/\/zjarr.tv\/sq\/wp-json\/wp\/v2\/posts\/192134\/revisions"}],"wp:featuredmedia":[{"embeddable":true,"href":"https:\/\/zjarr.tv\/sq\/wp-json\/wp\/v2\/media\/161344"}],"wp:attachment":[{"href":"https:\/\/zjarr.tv\/sq\/wp-json\/wp\/v2\/media?parent=192134"}],"wp:term":[{"taxonomy":"category","embeddable":true,"href":"https:\/\/zjarr.tv\/sq\/wp-json\/wp\/v2\/categories?post=192134"},{"taxonomy":"post_tag","embeddable":true,"href":"https:\/\/zjarr.tv\/sq\/wp-json\/wp\/v2\/tags?post=192134"}],"curies":[{"name":"wp","href":"https:\/\/api.w.org\/{rel}","templated":true}]}}