{"id":192174,"date":"2021-07-06T13:44:30","date_gmt":"2021-07-06T11:44:30","guid":{"rendered":"https:\/\/zjarr.tv\/?p=192174"},"modified":"2021-07-06T13:44:30","modified_gmt":"2021-07-06T11:44:30","slug":"edi-rama-sot-lau-duart-me-fatos-tushen-por-ja-si-benin-fushate-per-zgjedhjet-e-25-prillit","status":"publish","type":"post","link":"https:\/\/zjarr.tv\/sq\/edi-rama-sot-lau-duart-me-fatos-tushen-por-ja-si-benin-fushate-per-zgjedhjet-e-25-prillit\/","title":{"rendered":"Edi Rama sot lau duart me Fatos Tushen, por ja si b\u00ebnin fushat\u00eb p\u00ebr Zgjedhjet e 25 Prillit\u2026"},"content":{"rendered":"<p>Kryetari i bashkis\u00eb s\u00eb Lushnjes, Fatos Tushe, \u00ebsht\u00eb arrestuar dit\u00ebn e sotme n\u00eb nj\u00eb operacion t\u00eb zhvilluar nga SPAK n\u00eb k\u00ebt\u00eb bashki. Tushe akuzohet p\u00ebr shp\u00ebrdorim fondesh me tenderat n\u00eb bashki.<\/p>\n<p>Nd\u00ebrkoh\u00eb,\u00a0ka qen\u00eb Kryeministri Rama, ai q\u00eb ka reaguar i pari lidhur me shoq\u00ebrimin e tij n\u00eb k\u00ebt\u00eb operacion, duke th\u00ebn\u00eb se ai duhet t\u00eb dal\u00eb vet\u00eb para drejt\u00ebsis\u00eb, pa mbrojtjen e PS-s\u00eb.<\/p>\n<p>Por, pavar\u00ebsisht k\u00ebsaj deklarate distancuese t\u00eb Kryeministrit, kryebashkiaku Fatos Tushe, \u00ebsht\u00eb shfaqur mjaft aktiv gjat\u00eb fushat\u00ebs p\u00ebr zgjedhjet e\u00a025 Prillit. Tushe \u00ebsht\u00eb aktiv\u00a0jo vet\u00ebm me postime t\u00eb shumta, po edhe me takime p\u00ebrkrah Kryeministri Edi Rama, zv.kryeministrit Erion Bra\u00e7e\u00a0dhe kryeparlamentarit Gramoz Ru\u00e7i, kur ata kan\u00eb zhvilluar takime elektorale n\u00eb k\u00ebt\u00eb qytet.<\/p>\n<p>Teksa\u00a0sot\u00a0Kryeministri distancohet nga kryebashkiaku i Lushnjes, kur e rikandidoi\u00a0Fatos Tushen\u00a0n\u00eb\u00a0zgjedhjet e\u00a030 qershorit,\u00a0Edi Rama\u00a0reklamonte\u00a0personalisht pun\u00ebn dhe profilin e kreut t\u00eb bashksi\u00eb s\u00eb Lushnjes.Mb\u00ebshtetja qe Rama i\u00a0jepte Tushes \u00ebsht\u00eb pranuar dhe nga vet\u00eb kryebashkiaku, i\u00a0cili n\u00eb nj\u00eb dokumentar t\u00eb realizuar nga\u00a0kryeministria dhe t\u00eb publikuar n\u00eb ERTV, deklaronte se\u00a0 kryeministri dhe\u00a0qeveria e kan\u00eb mb\u00ebshtetur me nj\u00eb fond prej\u00a020\u00a0milion\u00eb eurosh.<\/p>\n<p>Nd\u00ebrsa gjendet sot n\u00eb akuz\u00ebn e abuzimit me\u00a0tenderat publik\u00eb, kryebashkiaku i\u00a0Lushnjes, nj\u00eb vit m\u00eb par\u00eb\u00a0i\u00a0b\u00ebnt\u00eb moral opozit\u00ebs p\u00ebr bojokotin e zgjedhjeve t\u00eb 30\u00a0qershorit\u00a0dhe garantonte qytetar\u00ebt\u00a0e Lushnjes,\u00a0q\u00eb bashkia do p\u00ebrmir\u00ebsonte m\u00eb tej cil\u00ebsin\u00eb e\u00a0sh\u00ebrbimeve publike.<\/p>\n<p>\u00a9 SYRI.net<\/p>\n","protected":false},"excerpt":{"rendered":"<p>Kryetari i bashkis\u00eb s\u00eb Lushnjes, Fatos Tushe, \u00ebsht\u00eb arrestuar dit\u00ebn e sotme n\u00eb nj\u00eb operacion t\u00eb zhvilluar nga SPAK n\u00eb k\u00ebt\u00eb bashki. Tushe akuzohet p\u00ebr shp\u00ebrdorim fondesh me tenderat n\u00eb bashki. Nd\u00ebrkoh\u00eb,\u00a0ka qen\u00eb Kryeministri Rama, ai q\u00eb ka reaguar i pari lidhur me shoq\u00ebrimin e tij n\u00eb k\u00ebt\u00eb operacion, duke th\u00ebn\u00eb se ai duhet t\u00eb [&hellip;]<\/p>\n","protected":false},"author":2016,"featured_media":192180,"comment_status":"closed","ping_status":"closed","sticky":false,"template":"","format":"standard","meta":{"footnotes":""},"categories":[241,1454],"tags":[4183],"class_list":{"0":"post-192174","1":"post","2":"type-post","3":"status-publish","4":"format-standard","5":"has-post-thumbnail","7":"category-aktualitet","8":"category-politike","9":"tag-lajme-zjarr-rama-sot-lau-duart-me-fatos-tushen-zjarr-tv"},"_links":{"self":[{"href":"https:\/\/zjarr.tv\/sq\/wp-json\/wp\/v2\/posts\/192174","targetHints":{"allow":["GET"]}}],"collection":[{"href":"https:\/\/zjarr.tv\/sq\/wp-json\/wp\/v2\/posts"}],"about":[{"href":"https:\/\/zjarr.tv\/sq\/wp-json\/wp\/v2\/types\/post"}],"author":[{"embeddable":true,"href":"https:\/\/zjarr.tv\/sq\/wp-json\/wp\/v2\/users\/2016"}],"replies":[{"embeddable":true,"href":"https:\/\/zjarr.tv\/sq\/wp-json\/wp\/v2\/comments?post=192174"}],"version-history":[{"count":0,"href":"https:\/\/zjarr.tv\/sq\/wp-json\/wp\/v2\/posts\/192174\/revisions"}],"wp:featuredmedia":[{"embeddable":true,"href":"https:\/\/zjarr.tv\/sq\/wp-json\/wp\/v2\/media\/192180"}],"wp:attachment":[{"href":"https:\/\/zjarr.tv\/sq\/wp-json\/wp\/v2\/media?parent=192174"}],"wp:term":[{"taxonomy":"category","embeddable":true,"href":"https:\/\/zjarr.tv\/sq\/wp-json\/wp\/v2\/categories?post=192174"},{"taxonomy":"post_tag","embeddable":true,"href":"https:\/\/zjarr.tv\/sq\/wp-json\/wp\/v2\/tags?post=192174"}],"curies":[{"name":"wp","href":"https:\/\/api.w.org\/{rel}","templated":true}]}}