{"id":192181,"date":"2021-07-06T13:50:30","date_gmt":"2021-07-06T11:50:30","guid":{"rendered":"https:\/\/zjarr.tv\/?p=192181"},"modified":"2021-07-06T13:50:30","modified_gmt":"2021-07-06T11:50:30","slug":"kishte-dy-dite-qe-kishte-humbur-gjendet-ne-sarande-12-vjecari-nga-bathorja","status":"publish","type":"post","link":"https:\/\/zjarr.tv\/sq\/kishte-dy-dite-qe-kishte-humbur-gjendet-ne-sarande-12-vjecari-nga-bathorja\/","title":{"rendered":"Kishte dy dit\u00eb q\u00eb kishte humbur, gjendet n\u00eb Sarand\u00eb 12-vje\u00e7ari nga Bathorja"},"content":{"rendered":"<p style=\"background: white; margin: 0in 0in 19.5pt 0in;\">\u00cbsht\u00eb gjetur pas dy dit\u00ebsh 12-vje\u00e7ari nga Bathorja q\u00eb kishte humbur kontaktet me familjen.<\/p>\n<p style=\"background: white; -webkit-tap-highlight-color: transparent !important; box-sizing: border-box; overflow-wrap: break-word; font-variant-ligatures: normal; font-variant-caps: normal; orphans: 2; widows: 2; -webkit-text-stroke-width: 0px; text-decoration-thickness: initial; text-decoration-style: initial; text-decoration-color: initial; word-spacing: 0px; margin: 0in 0in 19.5pt 0in;\">I mituri ishte zhdukur para dy dit\u00ebsh nga sht\u00ebpia dhe nuk kishte pasur m\u00eb kontakte me ta, nd\u00ebrsa babai kishte ngritur alarmin duke k\u00ebrkuar ndihm\u00ebn e qytetar\u00ebve q\u00eb t\u00eb b\u00ebhej e mundur gjetja e tij.<\/p>\n<p style=\"background: white; -webkit-tap-highlight-color: transparent !important; box-sizing: border-box; overflow-wrap: break-word; font-variant-ligatures: normal; font-variant-caps: normal; orphans: 2; widows: 2; -webkit-text-stroke-width: 0px; text-decoration-thickness: initial; text-decoration-style: initial; text-decoration-color: initial; word-spacing: 0px; margin: 0in 0in 19.5pt 0in;\">Raportohet se 12-vje\u00e7ari \u00ebsht\u00eb gjetur n\u00eb Sarand\u00eb. Nd\u00ebrsa shefi i policis\u00eb s\u00eb Sarand\u00ebs, Syraj Bellaj p\u00ebr \u201czem\u00ebr t\u00eb hapur\u201d tha se f\u00ebmija \u00ebsht\u00eb n\u00eb gjendje t\u00eb mir\u00eb sh\u00ebndet\u00ebsore.<\/p>\n<p style=\"background: white; -webkit-tap-highlight-color: transparent !important; box-sizing: border-box; overflow-wrap: break-word; font-variant-ligatures: normal; font-variant-caps: normal; orphans: 2; widows: 2; -webkit-text-stroke-width: 0px; text-decoration-thickness: initial; text-decoration-style: initial; text-decoration-color: initial; word-spacing: 0px; margin: 0in 0in 19.5pt 0in;\">\u201c\u00cbsht\u00eb n\u00eb gjendje t\u00eb mir\u00eb, po shoq\u00ebrohet n\u00eb Komisariat p\u00ebr t\u2019u intervistuar dhe p\u00ebr t\u00eb m\u00ebsuar se \u00e7far\u00eb ka ndodhur. \u00cbsht\u00eb vet\u00ebm djali\u201d, tha ai.<\/p>\n","protected":false},"excerpt":{"rendered":"<p>\u00cbsht\u00eb gjetur pas dy dit\u00ebsh 12-vje\u00e7ari nga Bathorja q\u00eb kishte humbur kontaktet me familjen. I mituri ishte zhdukur para dy dit\u00ebsh nga sht\u00ebpia dhe nuk kishte pasur m\u00eb kontakte me ta, nd\u00ebrsa babai kishte ngritur alarmin duke k\u00ebrkuar ndihm\u00ebn e qytetar\u00ebve q\u00eb t\u00eb b\u00ebhej e mundur gjetja e tij. Raportohet se 12-vje\u00e7ari \u00ebsht\u00eb gjetur n\u00eb [&hellip;]<\/p>\n","protected":false},"author":2030,"featured_media":192183,"comment_status":"closed","ping_status":"closed","sticky":false,"template":"","format":"standard","meta":{"footnotes":""},"categories":[241],"tags":[],"class_list":{"0":"post-192181","1":"post","2":"type-post","3":"status-publish","4":"format-standard","5":"has-post-thumbnail","7":"category-aktualitet"},"_links":{"self":[{"href":"https:\/\/zjarr.tv\/sq\/wp-json\/wp\/v2\/posts\/192181","targetHints":{"allow":["GET"]}}],"collection":[{"href":"https:\/\/zjarr.tv\/sq\/wp-json\/wp\/v2\/posts"}],"about":[{"href":"https:\/\/zjarr.tv\/sq\/wp-json\/wp\/v2\/types\/post"}],"author":[{"embeddable":true,"href":"https:\/\/zjarr.tv\/sq\/wp-json\/wp\/v2\/users\/2030"}],"replies":[{"embeddable":true,"href":"https:\/\/zjarr.tv\/sq\/wp-json\/wp\/v2\/comments?post=192181"}],"version-history":[{"count":0,"href":"https:\/\/zjarr.tv\/sq\/wp-json\/wp\/v2\/posts\/192181\/revisions"}],"wp:featuredmedia":[{"embeddable":true,"href":"https:\/\/zjarr.tv\/sq\/wp-json\/wp\/v2\/media\/192183"}],"wp:attachment":[{"href":"https:\/\/zjarr.tv\/sq\/wp-json\/wp\/v2\/media?parent=192181"}],"wp:term":[{"taxonomy":"category","embeddable":true,"href":"https:\/\/zjarr.tv\/sq\/wp-json\/wp\/v2\/categories?post=192181"},{"taxonomy":"post_tag","embeddable":true,"href":"https:\/\/zjarr.tv\/sq\/wp-json\/wp\/v2\/tags?post=192181"}],"curies":[{"name":"wp","href":"https:\/\/api.w.org\/{rel}","templated":true}]}}