{"id":192190,"date":"2021-07-06T14:17:54","date_gmt":"2021-07-06T12:17:54","guid":{"rendered":"https:\/\/zjarr.tv\/?p=192190"},"modified":"2021-07-06T14:18:24","modified_gmt":"2021-07-06T12:18:24","slug":"foto-i-shpertheu-goma-e-kamionit-kush-eshte-20-vjecari-qe-humbi-jeten-ne-gomisteri","status":"publish","type":"post","link":"https:\/\/zjarr.tv\/sq\/foto-i-shpertheu-goma-e-kamionit-kush-eshte-20-vjecari-qe-humbi-jeten-ne-gomisteri\/","title":{"rendered":"FOTO\/ I shp\u00ebrtheu goma e kamionit, kush \u00ebsht\u00eb 20-vje\u00e7ari q\u00eb humbi jet\u00ebn n\u00eb gomisteri"},"content":{"rendered":"<p>Personi q\u00eb shihni n\u00eb foto \u00ebsht\u00eb 20-vje\u00e7ari q\u00eb humbi jet\u00ebn n\u00eb qytetin e Durr\u00ebsit m\u00ebngjesin e sot\u00ebm, teksa po nd\u00ebrronte gom\u00ebn e nj\u00eb kamioni n\u00eb gomisterin ku punonte.<\/p>\n<p>Ai \u00ebsht\u00eb shtetasi Rafael Telaj, i cili nd\u00ebrroi jet\u00eb tragjikisht n\u00eb vendin e pun\u00ebs<\/p>\n<p>Ngjarja e r\u00ebnd\u00eb ndodhi rreth or\u00ebs 08:50, n\u00eb lagjen nr.14\/1 n\u00eb K\u00ebnet\u00eb t\u00eb Durr\u00ebsit. Sipas d\u00ebshmitar\u00ebve shp\u00ebrthimi i gom\u00ebs ishte shum\u00eb i fuqish\u00ebm, nd\u00ebrsa shtuan se ndihma e shpejt\u00eb t\u00eb riut iu dha shum\u00eb von\u00eb, duke b\u00ebr\u00eb q\u00eb ai t\u00eb nd\u00ebrronte jet\u00eb.<\/p>\n<p>M\u00ebsohet se i riu kishte koh\u00eb q\u00eb punonte dhe siguronte t\u00eb ardhurat p\u00ebr familjen e tij, nd\u00ebrsa fati i tij u pre n\u00eb mes pas incidentit q\u00eb i mori jet\u00ebn.<\/p>\n","protected":false},"excerpt":{"rendered":"<p>Personi q\u00eb shihni n\u00eb foto \u00ebsht\u00eb 20-vje\u00e7ari q\u00eb humbi jet\u00ebn n\u00eb qytetin e Durr\u00ebsit m\u00ebngjesin e sot\u00ebm, teksa po nd\u00ebrronte gom\u00ebn e nj\u00eb kamioni n\u00eb gomisterin ku punonte. Ai \u00ebsht\u00eb shtetasi Rafael Telaj, i cili nd\u00ebrroi jet\u00eb tragjikisht n\u00eb vendin e pun\u00ebs Ngjarja e r\u00ebnd\u00eb ndodhi rreth or\u00ebs 08:50, n\u00eb lagjen nr.14\/1 n\u00eb K\u00ebnet\u00eb t\u00eb [&hellip;]<\/p>\n","protected":false},"author":2030,"featured_media":192191,"comment_status":"closed","ping_status":"closed","sticky":false,"template":"","format":"standard","meta":{"footnotes":""},"categories":[241],"tags":[],"class_list":{"0":"post-192190","1":"post","2":"type-post","3":"status-publish","4":"format-standard","5":"has-post-thumbnail","7":"category-aktualitet"},"_links":{"self":[{"href":"https:\/\/zjarr.tv\/sq\/wp-json\/wp\/v2\/posts\/192190","targetHints":{"allow":["GET"]}}],"collection":[{"href":"https:\/\/zjarr.tv\/sq\/wp-json\/wp\/v2\/posts"}],"about":[{"href":"https:\/\/zjarr.tv\/sq\/wp-json\/wp\/v2\/types\/post"}],"author":[{"embeddable":true,"href":"https:\/\/zjarr.tv\/sq\/wp-json\/wp\/v2\/users\/2030"}],"replies":[{"embeddable":true,"href":"https:\/\/zjarr.tv\/sq\/wp-json\/wp\/v2\/comments?post=192190"}],"version-history":[{"count":0,"href":"https:\/\/zjarr.tv\/sq\/wp-json\/wp\/v2\/posts\/192190\/revisions"}],"wp:featuredmedia":[{"embeddable":true,"href":"https:\/\/zjarr.tv\/sq\/wp-json\/wp\/v2\/media\/192191"}],"wp:attachment":[{"href":"https:\/\/zjarr.tv\/sq\/wp-json\/wp\/v2\/media?parent=192190"}],"wp:term":[{"taxonomy":"category","embeddable":true,"href":"https:\/\/zjarr.tv\/sq\/wp-json\/wp\/v2\/categories?post=192190"},{"taxonomy":"post_tag","embeddable":true,"href":"https:\/\/zjarr.tv\/sq\/wp-json\/wp\/v2\/tags?post=192190"}],"curies":[{"name":"wp","href":"https:\/\/api.w.org\/{rel}","templated":true}]}}