{"id":192201,"date":"2021-07-06T15:05:16","date_gmt":"2021-07-06T13:05:16","guid":{"rendered":"https:\/\/zjarr.tv\/?p=192201"},"modified":"2021-07-06T15:05:16","modified_gmt":"2021-07-06T13:05:16","slug":"kuvendi-terhiqet-nga-vendimi-per-te-mos-lejuar-gazetaret-ne-komisionet-parlamentare","status":"publish","type":"post","link":"https:\/\/zjarr.tv\/sq\/kuvendi-terhiqet-nga-vendimi-per-te-mos-lejuar-gazetaret-ne-komisionet-parlamentare\/","title":{"rendered":"Kuvendi t\u00ebrhiqet nga vendimi p\u00ebr t\u00eb mos lejuar gazetar\u00ebt n\u00eb Komisionet Parlamentare"},"content":{"rendered":"<p style=\"background: white; margin: 0in 0in 19.5pt 0in;\">Kuvendi i Shqip\u00ebris\u00eb ka pranuar k\u00ebrkes\u00ebn e gazetar\u00ebve q\u00eb ata t\u00eb marrin pjes\u00eb fizikisht n\u00eb mbledhjet e Komisioneve Parlamentare. M\u00ebsohet se Kuvendi \u00ebsht\u00eb t\u00ebrhequr nga vendimi i tij, i cili shkaktoi dhe nj\u00eb reagim t\u00eb gazetar\u00ebve e mospranim t\u00eb kushteve q\u00eb sipas tyre \u201cc\u00ebnonin fjal\u00ebn e lir\u00eb\u201d.<\/p>\n<p style=\"background: white; -webkit-tap-highlight-color: transparent !important; box-sizing: border-box; overflow-wrap: break-word; font-variant-ligatures: normal; font-variant-caps: normal; orphans: 2; widows: 2; -webkit-text-stroke-width: 0px; text-decoration-thickness: initial; text-decoration-style: initial; text-decoration-color: initial; word-spacing: 0px; margin: 0in 0in 19.5pt 0in;\">Sipas Kuvendit, gazetar\u00ebt nuk mund t\u00eb merrnin pjes\u00eb fizikisht n\u00eb Komisionet Parlamentare pasi disa deputet\u00eb kishin shprehur shqet\u00ebsim, dhe sinjali i mbledhjeve e diskutimeve do t\u00eb shp\u00ebrndahej me regji n\u00eb nj\u00eb dhom\u00eb t\u00eb ve\u00e7ant\u00eb enkas p\u00ebr pjes\u00ebtar\u00ebt e mediave.<\/p>\n<p style=\"background: white; -webkit-tap-highlight-color: transparent !important; box-sizing: border-box; overflow-wrap: break-word; font-variant-ligatures: normal; font-variant-caps: normal; orphans: 2; widows: 2; -webkit-text-stroke-width: 0px; text-decoration-thickness: initial; text-decoration-style: initial; text-decoration-color: initial; word-spacing: 0px; margin: 0in 0in 19.5pt 0in;\">Vijon\u2026<\/p>\n","protected":false},"excerpt":{"rendered":"<p>Kuvendi i Shqip\u00ebris\u00eb ka pranuar k\u00ebrkes\u00ebn e gazetar\u00ebve q\u00eb ata t\u00eb marrin pjes\u00eb fizikisht n\u00eb mbledhjet e Komisioneve Parlamentare. M\u00ebsohet se Kuvendi \u00ebsht\u00eb t\u00ebrhequr nga vendimi i tij, i cili shkaktoi dhe nj\u00eb reagim t\u00eb gazetar\u00ebve e mospranim t\u00eb kushteve q\u00eb sipas tyre \u201cc\u00ebnonin fjal\u00ebn e lir\u00eb\u201d. Sipas Kuvendit, gazetar\u00ebt nuk mund t\u00eb merrnin pjes\u00eb [&hellip;]<\/p>\n","protected":false},"author":2030,"featured_media":192204,"comment_status":"closed","ping_status":"closed","sticky":false,"template":"","format":"standard","meta":{"footnotes":""},"categories":[241],"tags":[],"class_list":{"0":"post-192201","1":"post","2":"type-post","3":"status-publish","4":"format-standard","5":"has-post-thumbnail","7":"category-aktualitet"},"_links":{"self":[{"href":"https:\/\/zjarr.tv\/sq\/wp-json\/wp\/v2\/posts\/192201","targetHints":{"allow":["GET"]}}],"collection":[{"href":"https:\/\/zjarr.tv\/sq\/wp-json\/wp\/v2\/posts"}],"about":[{"href":"https:\/\/zjarr.tv\/sq\/wp-json\/wp\/v2\/types\/post"}],"author":[{"embeddable":true,"href":"https:\/\/zjarr.tv\/sq\/wp-json\/wp\/v2\/users\/2030"}],"replies":[{"embeddable":true,"href":"https:\/\/zjarr.tv\/sq\/wp-json\/wp\/v2\/comments?post=192201"}],"version-history":[{"count":0,"href":"https:\/\/zjarr.tv\/sq\/wp-json\/wp\/v2\/posts\/192201\/revisions"}],"wp:featuredmedia":[{"embeddable":true,"href":"https:\/\/zjarr.tv\/sq\/wp-json\/wp\/v2\/media\/192204"}],"wp:attachment":[{"href":"https:\/\/zjarr.tv\/sq\/wp-json\/wp\/v2\/media?parent=192201"}],"wp:term":[{"taxonomy":"category","embeddable":true,"href":"https:\/\/zjarr.tv\/sq\/wp-json\/wp\/v2\/categories?post=192201"},{"taxonomy":"post_tag","embeddable":true,"href":"https:\/\/zjarr.tv\/sq\/wp-json\/wp\/v2\/tags?post=192201"}],"curies":[{"name":"wp","href":"https:\/\/api.w.org\/{rel}","templated":true}]}}