{"id":192219,"date":"2021-07-06T16:10:48","date_gmt":"2021-07-06T14:10:48","guid":{"rendered":"https:\/\/zjarr.tv\/?p=192219"},"modified":"2021-07-06T16:10:48","modified_gmt":"2021-07-06T14:10:48","slug":"dha-doreheqjen-per-ti-shpetuar-vetingut-kpa-le-ne-fuqi-vendimin-per-te-perjashtuar-me-15-vite-nga-sistemi-i-drejtesise-gjyqtarin-e-apelit-te-tiranes","status":"publish","type":"post","link":"https:\/\/zjarr.tv\/sq\/dha-doreheqjen-per-ti-shpetuar-vetingut-kpa-le-ne-fuqi-vendimin-per-te-perjashtuar-me-15-vite-nga-sistemi-i-drejtesise-gjyqtarin-e-apelit-te-tiranes\/","title":{"rendered":"Dha dor\u00ebheqjen p\u00ebr t\u2019i shp\u00ebtuar Vetingut, KPA l\u00eb n\u00eb fuqi vendimin p\u00ebr t\u00eb p\u00ebrjashtuar me 15 vite nga sistemi i drejt\u00ebsis\u00eb gjyqtarin e apelit t\u00eb Tiran\u00ebs"},"content":{"rendered":"<p>Komisioni i Posa\u00e7\u00ebm i Apelimit, ka l\u00ebn\u00eb n\u00eb fuqi vendimin p\u00ebr gjyqtarin e Apelit Tiran\u00eb, Gramoz Levanaj, t\u00eb cilin Komisioni i Pavarur i Kualifikimit e ka p\u00ebrjashtuar me 15 vite nga sistemi i drejt\u00ebsis\u00eb.<\/p>\n<p>Vet\u00eb Levanaj kishte dh\u00ebn\u00eb dor\u00ebheqjen p\u00ebr tiu shmangur Vettingut, k\u00ebrkes\u00eb e cila ishte pranuar nga KPK, e cila kishte vendosur p\u00ebrjashtimin e tij p\u00ebr 15 vite nga sistemi i drejt\u00ebsis\u00eb, vendim i cili u la n\u00eb fuqi dhe nga KPA.<\/p>\n<p>Gramoz Levanaj e ka filluar karrier\u00ebn n\u00eb sistemin e drejt\u00ebsis\u00eb n\u00eb vitin 1995 dhe ka punuar p\u00ebrgjat\u00eb nj\u00eb dekade si gjyqtar dhe kryetar gjykate n\u00eb Kurbin. Prej vitit 2010, Levanaj e ushtronte funksionin n\u00eb Gjykat\u00ebn e Apelit t\u00eb Tiran\u00ebs, deri n\u00eb momentin e dor\u00ebheqjes s\u00eb tij n\u00eb 2020-t\u00ebn.<\/p>\n<p><strong>Njoftimi i KPA:<\/strong><\/p>\n<p>Njoftim vendimi. Trupi gjykues i Kolegjit t\u00eb Posa\u00e7\u00ebm t\u00eb Apelimit, i p\u00ebrb\u00ebr\u00eb nga Rezarta Schuetz kryesuese, Ina Rama\u00a0 relatore, Albana Shtylla, Ardian Hajdari, Sokol \u00c7omo an\u00ebtar\u00eb, shpalli vendimin p\u00ebr \u00e7\u00ebshtjen (JR) nr.25\/2021, dat\u00eb 11.05.2021, q\u00eb lidhet me ankimin e subjektit t\u00eb rivler\u00ebsimit Gramoz Levanaj, kund\u00ebr vendimit t\u00eb Komisionit t\u00eb Pavarur t\u00eb Kualifikimit nr. 365, dat\u00eb 14.04.2021.<\/p>\n<p>N\u00eb p\u00ebrfundim t\u00eb gjykimit n\u00eb dhom\u00eb k\u00ebshillimi, trupi gjykues, bazuar n\u00eb nenin G t\u00eb Aneksit t\u00eb Kushtetut\u00ebs, n\u00eb nenin 66, pika 1, germa \u201ca\u201d e ligjit nr.84\/2016, \u201cP\u00ebr rivler\u00ebsimin kalimtar t\u00eb gjyqtar\u00ebve dhe prokuror\u00ebve n\u00eb Republik\u00ebn e Shqip\u00ebris\u00eb\u201d, n\u00eb m\u00ebnyr\u00eb unanime, vendosi:<\/p>\n<p>L\u00ebnien n\u00eb fuqi t\u00eb vendimit t\u00eb Komisionit t\u00eb Pavarur t\u00eb Kualifikimit nr. 365, dat\u00eb 14.04.2021, q\u00eb i p\u00ebrket subjektit t\u00eb rivler\u00ebsimit Gramoz Levanaj. Ky vendim \u00ebsht\u00eb p\u00ebrfundimtar dhe ka efekt t\u00eb menj\u00ebhersh\u00ebm. U shpall sot, n\u00eb Tiran\u00eb, m\u00eb dat\u00eb 06.07.2021.<\/p>\n","protected":false},"excerpt":{"rendered":"<p>Komisioni i Posa\u00e7\u00ebm i Apelimit, ka l\u00ebn\u00eb n\u00eb fuqi vendimin p\u00ebr gjyqtarin e Apelit Tiran\u00eb, Gramoz Levanaj, t\u00eb cilin Komisioni i Pavarur i Kualifikimit e ka p\u00ebrjashtuar me 15 vite nga sistemi i drejt\u00ebsis\u00eb. Vet\u00eb Levanaj kishte dh\u00ebn\u00eb dor\u00ebheqjen p\u00ebr tiu shmangur Vettingut, k\u00ebrkes\u00eb e cila ishte pranuar nga KPK, e cila kishte vendosur p\u00ebrjashtimin [&hellip;]<\/p>\n","protected":false},"author":2031,"featured_media":192220,"comment_status":"closed","ping_status":"closed","sticky":false,"template":"","format":"standard","meta":{"footnotes":""},"categories":[231],"tags":[],"class_list":{"0":"post-192219","1":"post","2":"type-post","3":"status-publish","4":"format-standard","5":"has-post-thumbnail","7":"category-lajme"},"_links":{"self":[{"href":"https:\/\/zjarr.tv\/sq\/wp-json\/wp\/v2\/posts\/192219","targetHints":{"allow":["GET"]}}],"collection":[{"href":"https:\/\/zjarr.tv\/sq\/wp-json\/wp\/v2\/posts"}],"about":[{"href":"https:\/\/zjarr.tv\/sq\/wp-json\/wp\/v2\/types\/post"}],"author":[{"embeddable":true,"href":"https:\/\/zjarr.tv\/sq\/wp-json\/wp\/v2\/users\/2031"}],"replies":[{"embeddable":true,"href":"https:\/\/zjarr.tv\/sq\/wp-json\/wp\/v2\/comments?post=192219"}],"version-history":[{"count":0,"href":"https:\/\/zjarr.tv\/sq\/wp-json\/wp\/v2\/posts\/192219\/revisions"}],"wp:featuredmedia":[{"embeddable":true,"href":"https:\/\/zjarr.tv\/sq\/wp-json\/wp\/v2\/media\/192220"}],"wp:attachment":[{"href":"https:\/\/zjarr.tv\/sq\/wp-json\/wp\/v2\/media?parent=192219"}],"wp:term":[{"taxonomy":"category","embeddable":true,"href":"https:\/\/zjarr.tv\/sq\/wp-json\/wp\/v2\/categories?post=192219"},{"taxonomy":"post_tag","embeddable":true,"href":"https:\/\/zjarr.tv\/sq\/wp-json\/wp\/v2\/tags?post=192219"}],"curies":[{"name":"wp","href":"https:\/\/api.w.org\/{rel}","templated":true}]}}