{"id":192258,"date":"2021-07-06T18:34:20","date_gmt":"2021-07-06T16:34:20","guid":{"rendered":"https:\/\/zjarr.tv\/?p=192258"},"modified":"2021-07-06T18:34:20","modified_gmt":"2021-07-06T16:34:20","slug":"na-arrestuan-te-gjitheve-per-te-pastruar-terrenin-dhe-pastaj-me-vrane-babain-nipi-i-ish-deputetit-arben-ndoka-rrefehet-nga-arratia-dhe-hedh-akuzat-e-renda","status":"publish","type":"post","link":"https:\/\/zjarr.tv\/sq\/na-arrestuan-te-gjitheve-per-te-pastruar-terrenin-dhe-pastaj-me-vrane-babain-nipi-i-ish-deputetit-arben-ndoka-rrefehet-nga-arratia-dhe-hedh-akuzat-e-renda\/","title":{"rendered":"\u201cNa arrestuan t\u00eb gjith\u00ebve p\u00ebr t\u00eb pastruar terrenin dhe pastaj m\u00eb vran\u00eb babain\u201d\/ Nipi i ish-deputetit Arben Ndoka rr\u00ebfehet nga arratia dhe hedh akuzat e r\u00ebnda"},"content":{"rendered":"<p>Vrasja e zyrtarit Aleksand\u00ebr Ndoka n\u00eb 9 dhjetor t\u00eb vitit 2017 n\u00eb der\u00eb t\u00eb sht\u00ebpis\u00eb s\u00eb tij n\u00eb Lezh\u00eb i tronditi t\u00eb gjith\u00eb.<\/p>\n<p>Nj\u00ebkoh\u00ebsisht ai ishte edhe v\u00ebllai i ish-deputetit Arben Ndoka. Sot, djali i t\u00eb ndjerit, Samuel Ndoka ka folur nga arratia p\u00ebr emisionin Uniko nga Spartak Koka p\u00ebr t\u00eb gjitha akuzat q\u00eb r\u00ebndojn\u00eb ndaj tij. Ai \u00ebsht\u00eb person n\u00eb k\u00ebrkim p\u00ebr nj\u00eb rast t\u00eb kultivimit dhe shitjes s\u00eb kanabisit.<\/p>\n<p>Samuel Ndoka thot\u00eb se vrasja e babait t\u00eb tij, arrestimi i t\u00eb af\u00ebrmve dhe shpallja e tij n\u00eb k\u00ebrkim jan\u00eb ngjarje t\u00eb lidhura me nj\u00ebra-tjetr\u00ebn.<\/p>\n<p>Sipas tij, arrestimet e familjar\u00ebve p\u00ebrpara vrasjes s\u00eb babait jan\u00eb b\u00ebr\u00eb p\u00ebr t\u00eb \u201cpastruar terrenin\u201d, sikurse shprehet vet\u00eb.<\/p>\n","protected":false},"excerpt":{"rendered":"<p>Vrasja e zyrtarit Aleksand\u00ebr Ndoka n\u00eb 9 dhjetor t\u00eb vitit 2017 n\u00eb der\u00eb t\u00eb sht\u00ebpis\u00eb s\u00eb tij n\u00eb Lezh\u00eb i tronditi t\u00eb gjith\u00eb. Nj\u00ebkoh\u00ebsisht ai ishte edhe v\u00ebllai i ish-deputetit Arben Ndoka. Sot, djali i t\u00eb ndjerit, Samuel Ndoka ka folur nga arratia p\u00ebr emisionin Uniko nga Spartak Koka p\u00ebr t\u00eb gjitha akuzat q\u00eb r\u00ebndojn\u00eb [&hellip;]<\/p>\n","protected":false},"author":2031,"featured_media":192259,"comment_status":"closed","ping_status":"closed","sticky":false,"template":"","format":"standard","meta":{"footnotes":""},"categories":[231],"tags":[],"class_list":{"0":"post-192258","1":"post","2":"type-post","3":"status-publish","4":"format-standard","5":"has-post-thumbnail","7":"category-lajme"},"_links":{"self":[{"href":"https:\/\/zjarr.tv\/sq\/wp-json\/wp\/v2\/posts\/192258","targetHints":{"allow":["GET"]}}],"collection":[{"href":"https:\/\/zjarr.tv\/sq\/wp-json\/wp\/v2\/posts"}],"about":[{"href":"https:\/\/zjarr.tv\/sq\/wp-json\/wp\/v2\/types\/post"}],"author":[{"embeddable":true,"href":"https:\/\/zjarr.tv\/sq\/wp-json\/wp\/v2\/users\/2031"}],"replies":[{"embeddable":true,"href":"https:\/\/zjarr.tv\/sq\/wp-json\/wp\/v2\/comments?post=192258"}],"version-history":[{"count":0,"href":"https:\/\/zjarr.tv\/sq\/wp-json\/wp\/v2\/posts\/192258\/revisions"}],"wp:featuredmedia":[{"embeddable":true,"href":"https:\/\/zjarr.tv\/sq\/wp-json\/wp\/v2\/media\/192259"}],"wp:attachment":[{"href":"https:\/\/zjarr.tv\/sq\/wp-json\/wp\/v2\/media?parent=192258"}],"wp:term":[{"taxonomy":"category","embeddable":true,"href":"https:\/\/zjarr.tv\/sq\/wp-json\/wp\/v2\/categories?post=192258"},{"taxonomy":"post_tag","embeddable":true,"href":"https:\/\/zjarr.tv\/sq\/wp-json\/wp\/v2\/tags?post=192258"}],"curies":[{"name":"wp","href":"https:\/\/api.w.org\/{rel}","templated":true}]}}