{"id":194042,"date":"2021-07-17T08:11:08","date_gmt":"2021-07-17T06:11:08","guid":{"rendered":"https:\/\/zjarr.tv\/?p=194042"},"modified":"2021-07-17T08:11:08","modified_gmt":"2021-07-17T06:11:08","slug":"banoret-e-krujes-ne-proteste-na-premtuan-24-ore-uje-skemi-as-24-ore-ne-muaj","status":"publish","type":"post","link":"https:\/\/zjarr.tv\/sq\/banoret-e-krujes-ne-proteste-na-premtuan-24-ore-uje-skemi-as-24-ore-ne-muaj\/","title":{"rendered":"Banor\u00ebt e Kruj\u00ebs n\u00eb protest\u00eb: Na premtuan 24 or\u00eb uj\u00eb, s\u2019kemi as 24 or\u00eb n\u00eb Muaj\u2026"},"content":{"rendered":"<p style=\"margin-top: 0in; background: white;\"><span style=\"color: #212529;\">Prej disa dit\u00ebsh n\u00eb Kruj\u00eb, mungon uji i pijsh\u00ebm. Banor\u00ebt kan\u00eb protestuar para bashkis\u00eb dhe k\u00ebrkojn\u00eb t\u00eb zgjidhet kjo problematik\u00eb.<\/span><\/p>\n<p style=\"margin-top: 0in; background: white; box-sizing: border-box; margin-bottom: 1rem; font-variant-ligatures: normal; font-variant-caps: normal; orphans: 2; widows: 2; -webkit-text-stroke-width: 0px; text-decoration-thickness: initial; text-decoration-style: initial; text-decoration-color: initial; word-spacing: 0px;\"><span style=\"color: #212529;\">\u201cNa premtuan 24 or\u00eb uj\u00eb, ne s\u2019kemi 24 or\u00eb n\u00eb muaj jo n\u00eb dit\u00eb. Ku jan\u00eb? Qeveria t\u00eb shoh\u00eb dhe hallet tona,\u201d thot\u00eb nj\u00eb banor.<\/span><\/p>\n<p style=\"margin-top: 0in; background: white; box-sizing: border-box; margin-bottom: 1rem; font-variant-ligatures: normal; font-variant-caps: normal; orphans: 2; widows: 2; -webkit-text-stroke-width: 0px; text-decoration-thickness: initial; text-decoration-style: initial; text-decoration-color: initial; word-spacing: 0px;\"><span style=\"color: #212529;\">Uj\u00ebsjell\u00ebsi i ri i Kruj\u00ebs, u inagurua disa muaj m\u00eb par\u00eb ndaj dhe banor\u00ebt thon\u00eb se ata ende s\u2019kan\u00eb uj\u00eb si\u00e7 dhe u premtua n\u00eb fushat\u00ebn elektorale.<\/span><\/p>\n<p style=\"margin-top: 0in; background: white; box-sizing: border-box; margin-bottom: 1rem; font-variant-ligatures: normal; font-variant-caps: normal; orphans: 2; widows: 2; -webkit-text-stroke-width: 0px; text-decoration-thickness: initial; text-decoration-style: initial; text-decoration-color: initial; word-spacing: 0px;\"><span style=\"color: #212529;\">\u201cNjer\u00ebzit kan\u00eb frik\u00eb t\u00eb flasin n\u00eb kruj\u00eb jan\u00eb hedhur miliona euro investime p\u00ebr ujin dhe ne nuk kemi uj\u00eb. E ftojm\u00eb kryeministin q\u00eb t\u00eb vij\u00eb t\u00eb marr\u00eb prap\u00eb bidon uji si at\u00eb dit\u00eb, jo vet\u00ebm s\u2019\u00ebsht\u00eb i pijsh\u00ebm po nuk ka. Investimi q\u00eb u b\u00eb p\u00ebr efekte elektorale para 4 muaj \u00ebsht\u00eb zero,\u201d shprehet nj\u00eb tjet\u00ebr.<\/span><\/p>\n<p style=\"margin-top: 0in; background: white; box-sizing: border-box; margin-bottom: 1rem; font-variant-ligatures: normal; font-variant-caps: normal; orphans: 2; widows: 2; -webkit-text-stroke-width: 0px; text-decoration-thickness: initial; text-decoration-style: initial; text-decoration-color: initial; word-spacing: 0px;\"><span style=\"color: #212529;\">P\u00ebr k\u00ebt\u00eb problem foli dhe mjeku Agim Kodra, i cili thot\u00eb se virusi \u00ebsht\u00eb aktiv dhe \u00ebsht\u00eb e patolerueshme q\u00eb mos ken\u00eb uj\u00eb.<\/span><\/p>\n<p style=\"margin-top: 0in; background: white; box-sizing: border-box; margin-bottom: 1rem; font-variant-ligatures: normal; font-variant-caps: normal; orphans: 2; widows: 2; -webkit-text-stroke-width: 0px; text-decoration-thickness: initial; text-decoration-style: initial; text-decoration-color: initial; word-spacing: 0px;\"><span style=\"color: #212529;\">\u201cAgim kodra, mjeku mungon uji jemi ende ne pandemi dhe po p\u00ebrballemi me variantet e reja t\u00eb virusit dhe nuk ka uj\u00eb t\u00eb pish \u00ebsht\u00eb k\u00ebrkesa m\u00eb elementare q\u00eb mund t\u00eb b\u00ebjn\u00eb qytetar\u00ebt. Ka nj\u00eb reklam\u00eb lani duart t\u00eb administrohet,\u201d thot\u00eb ai.<\/span><\/p>\n<p style=\"margin-top: 0in; background: white; box-sizing: border-box; margin-bottom: 1rem; font-variant-ligatures: normal; font-variant-caps: normal; orphans: 2; widows: 2; -webkit-text-stroke-width: 0px; text-decoration-thickness: initial; text-decoration-style: initial; text-decoration-color: initial; word-spacing: 0px;\"><span style=\"color: #212529;\">Nga ana e saj Bashkia e Kruj\u00ebs thot\u00eb se; kur kan\u00eb konstatuar r\u00ebnie t\u00eb prurjeve kan\u00eb dal\u00eb n\u00eb terren dhe kan\u00eb konstatuar 4\u00a0 lidhjet t\u00eb paligjshme. Madje nj\u00eb prej tyre \u00ebsht\u00eb zbuluar pran\u00eb depos kryesore dhe personi q\u00eb ka kryer k\u00ebt\u00eb veprim t\u00eb paligjsh\u00ebm, \u00ebsht\u00eb arrestuar nga policia. Nd\u00ebrsa po vazhdojn\u00eb inspektimet dhe n\u00eb zona t\u00eb tjera t\u00eb Kruj\u00ebs.<\/span><\/p>\n","protected":false},"excerpt":{"rendered":"<p>Prej disa dit\u00ebsh n\u00eb Kruj\u00eb, mungon uji i pijsh\u00ebm. Banor\u00ebt kan\u00eb protestuar para bashkis\u00eb dhe k\u00ebrkojn\u00eb t\u00eb zgjidhet kjo problematik\u00eb. \u201cNa premtuan 24 or\u00eb uj\u00eb, ne s\u2019kemi 24 or\u00eb n\u00eb muaj jo n\u00eb dit\u00eb. Ku jan\u00eb? Qeveria t\u00eb shoh\u00eb dhe hallet tona,\u201d thot\u00eb nj\u00eb banor. Uj\u00ebsjell\u00ebsi i ri i Kruj\u00ebs, u inagurua disa muaj m\u00eb [&hellip;]<\/p>\n","protected":false},"author":2016,"featured_media":194044,"comment_status":"closed","ping_status":"closed","sticky":false,"template":"","format":"standard","meta":{"footnotes":""},"categories":[241],"tags":[4360],"class_list":{"0":"post-194042","1":"post","2":"type-post","3":"status-publish","4":"format-standard","5":"has-post-thumbnail","7":"category-aktualitet","8":"tag-lajme-zjarr-banoret-e-krujes-ne-proteste-zjarr-tv"},"_links":{"self":[{"href":"https:\/\/zjarr.tv\/sq\/wp-json\/wp\/v2\/posts\/194042","targetHints":{"allow":["GET"]}}],"collection":[{"href":"https:\/\/zjarr.tv\/sq\/wp-json\/wp\/v2\/posts"}],"about":[{"href":"https:\/\/zjarr.tv\/sq\/wp-json\/wp\/v2\/types\/post"}],"author":[{"embeddable":true,"href":"https:\/\/zjarr.tv\/sq\/wp-json\/wp\/v2\/users\/2016"}],"replies":[{"embeddable":true,"href":"https:\/\/zjarr.tv\/sq\/wp-json\/wp\/v2\/comments?post=194042"}],"version-history":[{"count":0,"href":"https:\/\/zjarr.tv\/sq\/wp-json\/wp\/v2\/posts\/194042\/revisions"}],"wp:featuredmedia":[{"embeddable":true,"href":"https:\/\/zjarr.tv\/sq\/wp-json\/wp\/v2\/media\/194044"}],"wp:attachment":[{"href":"https:\/\/zjarr.tv\/sq\/wp-json\/wp\/v2\/media?parent=194042"}],"wp:term":[{"taxonomy":"category","embeddable":true,"href":"https:\/\/zjarr.tv\/sq\/wp-json\/wp\/v2\/categories?post=194042"},{"taxonomy":"post_tag","embeddable":true,"href":"https:\/\/zjarr.tv\/sq\/wp-json\/wp\/v2\/tags?post=194042"}],"curies":[{"name":"wp","href":"https:\/\/api.w.org\/{rel}","templated":true}]}}