{"id":194511,"date":"2021-07-20T12:08:32","date_gmt":"2021-07-20T10:08:32","guid":{"rendered":"https:\/\/zjarr.tv\/?p=194511"},"modified":"2021-07-20T12:08:32","modified_gmt":"2021-07-20T10:08:32","slug":"vlonjatet-nuk-jane-te-frikshem-la-vendin-e-saj-per-shqiperine-braziliania-e-dua-kete-qytet-me-zemer","status":"publish","type":"post","link":"https:\/\/zjarr.tv\/sq\/vlonjatet-nuk-jane-te-frikshem-la-vendin-e-saj-per-shqiperine-braziliania-e-dua-kete-qytet-me-zemer\/","title":{"rendered":"\u201cVlonjat\u00ebt nuk jan\u00eb t\u00eb friksh\u00ebm\u201d, la vendin e saj p\u00ebr Shqip\u00ebrin\u00eb, braziliania: E dua k\u00ebt\u00eb qytet me zem\u00ebr"},"content":{"rendered":"<p>Nj\u00eb \u00e7ift q\u00eb ka l\u00ebn\u00eb vendin e tyre t\u00eb lindjes p\u00ebr t\u00eb ardhur dhe jetuar n\u00eb Shqip\u00ebri. K\u00ebshtu nis historia e \u00e7iftit nga Brazili dhe Ukraina t\u00eb cil\u00ebt prej 3 vitesh jetojn\u00eb n\u00eb jug t\u00eb Shqip\u00ebris\u00eb dhe e flasin gjuh\u00ebn shqipe shum\u00eb mir\u00eb.<\/p>\n<p>Para kamerave t\u00eb \u201cOra Verore\u201d, gruaja nga Brazili e cila s\u00eb bashku me bashk\u00ebshortin e saj jetojn\u00eb n\u00eb Vlor\u00eb shprehet se \u00ebsht\u00eb e dashuruar pas qytetit.<\/p>\n<p>P\u00ebr m\u00eb tep\u00ebr braziliania pohon se ndihet vlonjate n\u00eb zem\u00ebr, duke theksuar se banor\u00ebt e Vlor\u00ebs nuk jan\u00eb t\u00eb friksh\u00ebm apo t\u00eb eg\u00ebr.<\/p>\n<p>\u201cJam nga Brazili, kam tre vite e gjysm\u00eb n\u00eb Shqip\u00ebri. Kishim nj\u00eb m\u00ebsues shum\u00eb t\u00eb mir\u00eb n\u00eb Tiran\u00eb, q\u00eb na m\u00ebsoi gjuh\u00ebn. Bashk\u00ebshorti im \u00ebsht\u00eb nga Ukraina dhe flet shum\u00eb mir\u00eb shqip. Shqip\u00ebria \u00ebsht\u00eb shum\u00eb e bukur. Un\u00eb jetoj n\u00eb Vlor\u00eb. Vlonjat\u00ebt nuk jan\u00eb t\u00eb friksh\u00ebm, un\u00eb jam vlonjate n\u00eb zem\u00ebr.\u201d, tha ajo.<\/p>\n<p>&nbsp;<\/p>\n","protected":false},"excerpt":{"rendered":"<p>Nj\u00eb \u00e7ift q\u00eb ka l\u00ebn\u00eb vendin e tyre t\u00eb lindjes p\u00ebr t\u00eb ardhur dhe jetuar n\u00eb Shqip\u00ebri. K\u00ebshtu nis historia e \u00e7iftit nga Brazili dhe Ukraina t\u00eb cil\u00ebt prej 3 vitesh jetojn\u00eb n\u00eb jug t\u00eb Shqip\u00ebris\u00eb dhe e flasin gjuh\u00ebn shqipe shum\u00eb mir\u00eb. Para kamerave t\u00eb \u201cOra Verore\u201d, gruaja nga Brazili e cila s\u00eb bashku [&hellip;]<\/p>\n","protected":false},"author":2030,"featured_media":194512,"comment_status":"closed","ping_status":"closed","sticky":false,"template":"","format":"standard","meta":{"footnotes":""},"categories":[241],"tags":[],"class_list":{"0":"post-194511","1":"post","2":"type-post","3":"status-publish","4":"format-standard","5":"has-post-thumbnail","7":"category-aktualitet"},"_links":{"self":[{"href":"https:\/\/zjarr.tv\/sq\/wp-json\/wp\/v2\/posts\/194511","targetHints":{"allow":["GET"]}}],"collection":[{"href":"https:\/\/zjarr.tv\/sq\/wp-json\/wp\/v2\/posts"}],"about":[{"href":"https:\/\/zjarr.tv\/sq\/wp-json\/wp\/v2\/types\/post"}],"author":[{"embeddable":true,"href":"https:\/\/zjarr.tv\/sq\/wp-json\/wp\/v2\/users\/2030"}],"replies":[{"embeddable":true,"href":"https:\/\/zjarr.tv\/sq\/wp-json\/wp\/v2\/comments?post=194511"}],"version-history":[{"count":0,"href":"https:\/\/zjarr.tv\/sq\/wp-json\/wp\/v2\/posts\/194511\/revisions"}],"wp:featuredmedia":[{"embeddable":true,"href":"https:\/\/zjarr.tv\/sq\/wp-json\/wp\/v2\/media\/194512"}],"wp:attachment":[{"href":"https:\/\/zjarr.tv\/sq\/wp-json\/wp\/v2\/media?parent=194511"}],"wp:term":[{"taxonomy":"category","embeddable":true,"href":"https:\/\/zjarr.tv\/sq\/wp-json\/wp\/v2\/categories?post=194511"},{"taxonomy":"post_tag","embeddable":true,"href":"https:\/\/zjarr.tv\/sq\/wp-json\/wp\/v2\/tags?post=194511"}],"curies":[{"name":"wp","href":"https:\/\/api.w.org\/{rel}","templated":true}]}}