{"id":194518,"date":"2021-07-20T12:41:14","date_gmt":"2021-07-20T10:41:14","guid":{"rendered":"https:\/\/zjarr.tv\/?p=194518"},"modified":"2021-07-20T12:41:57","modified_gmt":"2021-07-20T10:41:57","slug":"a-do-ia-uroje-festen-e-kurban-bajramit-rames-dritan-leli-absolutisht-qe-do-ta-uroj","status":"publish","type":"post","link":"https:\/\/zjarr.tv\/sq\/a-do-ia-uroje-festen-e-kurban-bajramit-rames-dritan-leli-absolutisht-qe-do-ta-uroj\/","title":{"rendered":"A do ia uroje fest\u00ebn e Kurban Bajramit Ram\u00ebs? Dritan Leli: Absolutisht q\u00eb po&#8230;"},"content":{"rendered":"<p>Kryebashkiaku i Vlor\u00ebs, Dritan Leli, dit\u00ebn e sotme p\u00ebr fest\u00ebn e Kurban Bajramit, ka uruar t\u00eb gjith\u00eb besimtar\u00ebt mysliman\u00eb.<\/p>\n<p>E teksa ka uruar fest\u00ebn, Leli \u00ebsht\u00eb pyetur nga gazetar\u00ebt n\u00ebse ia uronte edhe kryeministrit Edi Rama.<\/p>\n<p>\u201cAbsolutisht po\u201d, tha Leli duke mos e menduar dy her\u00eb pavar\u00ebsisht hat\u00ebmbetjeve q\u00eb kan\u00eb.\u00a0Kujtojm\u00eb q\u00eb koh\u00ebt e fundit ka pasur p\u00ebrplasje t\u00eb forta mes Lelit dhe Ram\u00ebs, p\u00ebrplasje t\u00eb cilat filluan q\u00eb kur kryebashkiaku refuzoi t\u00eb ishte pjes\u00eb e kandidat\u00ebve p\u00ebr deputet n\u00eb qarkun e Vlor\u00ebs p\u00ebr zgjedhjet e 25 prillit.<\/p>\n<p>Pak dit\u00eb m\u00eb par\u00eb, Rama ka thumbuar Lelin teksa u shfaq n\u00eb nj\u00eb fush\u00eb sportive duke mbledhur beturinat, ku tha se Bashkia duhet t\u2019i pastroj\u00eb pa gdhir\u00eb.<\/p>\n<p>&nbsp;<\/p>\n","protected":false},"excerpt":{"rendered":"<p>Kryebashkiaku i Vlor\u00ebs, Dritan Leli, dit\u00ebn e sotme p\u00ebr fest\u00ebn e Kurban Bajramit, ka uruar t\u00eb gjith\u00eb besimtar\u00ebt mysliman\u00eb. E teksa ka uruar fest\u00ebn, Leli \u00ebsht\u00eb pyetur nga gazetar\u00ebt n\u00ebse ia uronte edhe kryeministrit Edi Rama. \u201cAbsolutisht po\u201d, tha Leli duke mos e menduar dy her\u00eb pavar\u00ebsisht hat\u00ebmbetjeve q\u00eb kan\u00eb.\u00a0Kujtojm\u00eb q\u00eb koh\u00ebt e fundit ka [&hellip;]<\/p>\n","protected":false},"author":2016,"featured_media":194520,"comment_status":"closed","ping_status":"closed","sticky":false,"template":"","format":"standard","meta":{"footnotes":""},"categories":[241],"tags":[4393],"class_list":{"0":"post-194518","1":"post","2":"type-post","3":"status-publish","4":"format-standard","5":"has-post-thumbnail","7":"category-aktualitet","8":"tag-lajme-zjarr-dritan-leli-zjarr-tv"},"_links":{"self":[{"href":"https:\/\/zjarr.tv\/sq\/wp-json\/wp\/v2\/posts\/194518","targetHints":{"allow":["GET"]}}],"collection":[{"href":"https:\/\/zjarr.tv\/sq\/wp-json\/wp\/v2\/posts"}],"about":[{"href":"https:\/\/zjarr.tv\/sq\/wp-json\/wp\/v2\/types\/post"}],"author":[{"embeddable":true,"href":"https:\/\/zjarr.tv\/sq\/wp-json\/wp\/v2\/users\/2016"}],"replies":[{"embeddable":true,"href":"https:\/\/zjarr.tv\/sq\/wp-json\/wp\/v2\/comments?post=194518"}],"version-history":[{"count":0,"href":"https:\/\/zjarr.tv\/sq\/wp-json\/wp\/v2\/posts\/194518\/revisions"}],"wp:featuredmedia":[{"embeddable":true,"href":"https:\/\/zjarr.tv\/sq\/wp-json\/wp\/v2\/media\/194520"}],"wp:attachment":[{"href":"https:\/\/zjarr.tv\/sq\/wp-json\/wp\/v2\/media?parent=194518"}],"wp:term":[{"taxonomy":"category","embeddable":true,"href":"https:\/\/zjarr.tv\/sq\/wp-json\/wp\/v2\/categories?post=194518"},{"taxonomy":"post_tag","embeddable":true,"href":"https:\/\/zjarr.tv\/sq\/wp-json\/wp\/v2\/tags?post=194518"}],"curies":[{"name":"wp","href":"https:\/\/api.w.org\/{rel}","templated":true}]}}