{"id":194523,"date":"2021-07-20T12:58:07","date_gmt":"2021-07-20T10:58:07","guid":{"rendered":"https:\/\/zjarr.tv\/?p=194523"},"modified":"2021-07-20T12:58:07","modified_gmt":"2021-07-20T10:58:07","slug":"ish-kryeministri-sali-berisha-uron-kurban-bajramin-sot-besimtaret-myslimane-festojne-kurban-bajramin-ti-lutemi-krijuesit-qe-cdo-sakrifice-dhe-lutje-ta-pranoje","status":"publish","type":"post","link":"https:\/\/zjarr.tv\/sq\/ish-kryeministri-sali-berisha-uron-kurban-bajramin-sot-besimtaret-myslimane-festojne-kurban-bajramin-ti-lutemi-krijuesit-qe-cdo-sakrifice-dhe-lutje-ta-pranoje\/","title":{"rendered":"Ish-kryeministri Sali Berisha uron Kurban Bajramin: Sot besimtar\u00ebt mysliman\u00eb festojn\u00eb Kurban Bajramin, t\u2019i lutemi Krijuesit q\u00eb \u00e7do sakrific\u00eb dhe lutje ta pranoj\u00eb\u2026"},"content":{"rendered":"<p>Ish-kryeministri Sali Berisha, me an\u00eb t\u00eb nj\u00eb postimi n\u00eb llogarin\u00eb e tij n\u00eb Facebook, ka uruar t\u00eb gjith\u00eb besimtar\u00ebt mysliman\u00eb fest\u00ebn e Kurban Bajramit, ku shkruan: \u201c<em>Gezuar Kurban Bajramin!<\/em><\/p>\n<p><em>Miq, sot besimtaret musliman festojne Kurban Bajramin. Ju ftoj te urojme nga zemra dhe ti lutemi Krijuesit qe \u00e7do sakrifice dhe lutje tone dhe te mbare shqiptareve ta pranoje\u201d.<\/em><\/p>\n<p>Postimi:<\/p>\n<p>\u201c<em>Gezuar Kurban Bajramin!<\/em><\/p>\n<p><em>Miq, sot besimtaret musliman festojne Kurban Bajramin. Ju ftoj te urojme nga zemra dhe ti lutemi Krijuesit qe \u00e7do sakrifice dhe lutje tone dhe te mbare shqiptareve ta pranoje dhe ta ktheje ne mbaresi, gezime, shendet dhe sukses per ne, familjet tona dhe mbare kombin shqiptar. Gezuar! Sb<\/em>\u201d.<\/p>\n","protected":false},"excerpt":{"rendered":"<p>Ish-kryeministri Sali Berisha, me an\u00eb t\u00eb nj\u00eb postimi n\u00eb llogarin\u00eb e tij n\u00eb Facebook, ka uruar t\u00eb gjith\u00eb besimtar\u00ebt mysliman\u00eb fest\u00ebn e Kurban Bajramit, ku shkruan: \u201cGezuar Kurban Bajramin! Miq, sot besimtaret musliman festojne Kurban Bajramin. Ju ftoj te urojme nga zemra dhe ti lutemi Krijuesit qe \u00e7do sakrifice dhe lutje tone dhe te mbare [&hellip;]<\/p>\n","protected":false},"author":2016,"featured_media":194525,"comment_status":"closed","ping_status":"closed","sticky":false,"template":"","format":"standard","meta":{"footnotes":""},"categories":[241],"tags":[4394],"class_list":{"0":"post-194523","1":"post","2":"type-post","3":"status-publish","4":"format-standard","5":"has-post-thumbnail","7":"category-aktualitet","8":"tag-lajme-zjarr-ish-kryeministri-sali-berisha-uron-kurban-bajramin-zjarr-tv"},"_links":{"self":[{"href":"https:\/\/zjarr.tv\/sq\/wp-json\/wp\/v2\/posts\/194523","targetHints":{"allow":["GET"]}}],"collection":[{"href":"https:\/\/zjarr.tv\/sq\/wp-json\/wp\/v2\/posts"}],"about":[{"href":"https:\/\/zjarr.tv\/sq\/wp-json\/wp\/v2\/types\/post"}],"author":[{"embeddable":true,"href":"https:\/\/zjarr.tv\/sq\/wp-json\/wp\/v2\/users\/2016"}],"replies":[{"embeddable":true,"href":"https:\/\/zjarr.tv\/sq\/wp-json\/wp\/v2\/comments?post=194523"}],"version-history":[{"count":0,"href":"https:\/\/zjarr.tv\/sq\/wp-json\/wp\/v2\/posts\/194523\/revisions"}],"wp:featuredmedia":[{"embeddable":true,"href":"https:\/\/zjarr.tv\/sq\/wp-json\/wp\/v2\/media\/194525"}],"wp:attachment":[{"href":"https:\/\/zjarr.tv\/sq\/wp-json\/wp\/v2\/media?parent=194523"}],"wp:term":[{"taxonomy":"category","embeddable":true,"href":"https:\/\/zjarr.tv\/sq\/wp-json\/wp\/v2\/categories?post=194523"},{"taxonomy":"post_tag","embeddable":true,"href":"https:\/\/zjarr.tv\/sq\/wp-json\/wp\/v2\/tags?post=194523"}],"curies":[{"name":"wp","href":"https:\/\/api.w.org\/{rel}","templated":true}]}}