{"id":195441,"date":"2021-07-26T17:44:10","date_gmt":"2021-07-26T15:44:10","guid":{"rendered":"https:\/\/zjarr.tv\/?p=195441"},"modified":"2021-07-26T17:44:10","modified_gmt":"2021-07-26T15:44:10","slug":"ndjekje-penale-per-fatmir-mediun-gjykata-speciale-merr-neser-vendimin-per-ish-ministrin","status":"publish","type":"post","link":"https:\/\/zjarr.tv\/sq\/ndjekje-penale-per-fatmir-mediun-gjykata-speciale-merr-neser-vendimin-per-ish-ministrin\/","title":{"rendered":"Ndjekje penale p\u00ebr Fatmir Mediun? Gjykata Speciale merr nes\u00ebr vendimin p\u00ebr ish-ministrin"},"content":{"rendered":"<p style=\"background: white; margin: 0in 0in 19.5pt 0in;\">Gjykata Speciale pritet t\u00eb marr\u00eb nes\u00ebr vendimin n\u00ebse do t\u00eb rinis\u00eb ose jo ndjekja penale p\u00ebr ish-ministrin e Mbrojtjes Fatmir Mediu.<\/p>\n<p style=\"background: white; -webkit-tap-highlight-color: transparent !important; box-sizing: border-box; overflow-wrap: break-word; font-variant-ligatures: normal; font-variant-caps: normal; orphans: 2; widows: 2; -webkit-text-stroke-width: 0px; text-decoration-thickness: initial; text-decoration-style: initial; text-decoration-color: initial; word-spacing: 0px; margin: 0in 0in 19.5pt 0in;\">Gjykata e Posa\u00e7me p\u00ebr Korrupsionin dhe Krimin e Organizuar do t\u00eb shqyrtoj\u00eb k\u00ebrkes\u00ebn e SPAK p\u00ebr t\u00eb rifilluar ndjekjen penale ndaj Fatmir Mediut p\u00ebr rolin e tij n\u00eb ngjarjen e G\u00ebrdecit, proces i bllokuar q\u00eb prej vitit 2009.<\/p>\n<p style=\"background: white; -webkit-tap-highlight-color: transparent !important; box-sizing: border-box; overflow-wrap: break-word; font-variant-ligatures: normal; font-variant-caps: normal; orphans: 2; widows: 2; -webkit-text-stroke-width: 0px; text-decoration-thickness: initial; text-decoration-style: initial; text-decoration-color: initial; word-spacing: 0px; margin: 0in 0in 19.5pt 0in;\">Feruzan Durdaj dhe Zamira Durdaj, prind\u00ebrit e 7 vjecarit Erison Durdaj q\u00eb humbi jet\u00ebn tragjikisht nga shp\u00ebrthimi i G\u00ebrdecit n\u00eb pranver\u00ebn e 2008, iu drejtuan n\u00eb muajin shkurt t\u00eb k\u00ebtij viti organeve t\u00eb drejt\u00ebsis\u00eb s\u00eb re p\u00ebr t\u00eb rifilluar ndjekjen penale ndaj Mediut.<\/p>\n<p style=\"background: white; -webkit-tap-highlight-color: transparent !important; box-sizing: border-box; overflow-wrap: break-word; font-variant-ligatures: normal; font-variant-caps: normal; orphans: 2; widows: 2; -webkit-text-stroke-width: 0px; text-decoration-thickness: initial; text-decoration-style: initial; text-decoration-color: initial; word-spacing: 0px; margin: 0in 0in 19.5pt 0in;\">Tashm\u00eb, prej shum\u00eb vitesh, q\u00eb nga viti 2012, nuk ekziston asnj\u00eb penges\u00eb ligjore p\u00ebr t\u00eb gjykuar t\u00eb vetmin, person t\u00eb hetuar por t\u00eb pagjykuar p\u00ebr ngjarjen e G\u00ebrdecit, argumentojn\u00eb ata.<\/p>\n<p style=\"background: white; -webkit-tap-highlight-color: transparent !important; box-sizing: border-box; overflow-wrap: break-word; font-variant-ligatures: normal; font-variant-caps: normal; orphans: 2; widows: 2; -webkit-text-stroke-width: 0px; text-decoration-thickness: initial; text-decoration-style: initial; text-decoration-color: initial; word-spacing: 0px; margin: 0in 0in 19.5pt 0in;\">SPAK e trajtoi pozitivisht k\u00ebt\u00eb k\u00ebrkes\u00eb, duke e vler\u00ebsuar se ishte e drejt\u00eb t\u00eb rifillonte ndjekja penale ndaj Mediut dhe tashm\u00eb \u00ebsht\u00eb n\u00eb dor\u00ebn e Gjykat\u00ebs s\u00eb Posa\u00e7me p\u00ebr Korrupsionin dhe Krimin e Organizuar p\u00ebr t\u00eb dh\u00ebn\u00eb drit\u00ebn jeshile.<\/p>\n<p style=\"background: white; -webkit-tap-highlight-color: transparent !important; box-sizing: border-box; overflow-wrap: break-word; font-variant-ligatures: normal; font-variant-caps: normal; orphans: 2; widows: 2; -webkit-text-stroke-width: 0px; text-decoration-thickness: initial; text-decoration-style: initial; text-decoration-color: initial; word-spacing: 0px; margin: 0in 0in 19.5pt 0in;\">Gjykimi do t\u00eb behet nga gjyqtari Erion \u00c7ela n\u00eb dhom\u00eb k\u00ebshillimi, pa pranin\u00eb e pal\u00ebve.<\/p>\n","protected":false},"excerpt":{"rendered":"<p>Gjykata Speciale pritet t\u00eb marr\u00eb nes\u00ebr vendimin n\u00ebse do t\u00eb rinis\u00eb ose jo ndjekja penale p\u00ebr ish-ministrin e Mbrojtjes Fatmir Mediu. Gjykata e Posa\u00e7me p\u00ebr Korrupsionin dhe Krimin e Organizuar do t\u00eb shqyrtoj\u00eb k\u00ebrkes\u00ebn e SPAK p\u00ebr t\u00eb rifilluar ndjekjen penale ndaj Fatmir Mediut p\u00ebr rolin e tij n\u00eb ngjarjen e G\u00ebrdecit, proces i bllokuar [&hellip;]<\/p>\n","protected":false},"author":2030,"featured_media":195442,"comment_status":"closed","ping_status":"closed","sticky":false,"template":"","format":"standard","meta":{"footnotes":""},"categories":[241],"tags":[],"class_list":{"0":"post-195441","1":"post","2":"type-post","3":"status-publish","4":"format-standard","5":"has-post-thumbnail","7":"category-aktualitet"},"_links":{"self":[{"href":"https:\/\/zjarr.tv\/sq\/wp-json\/wp\/v2\/posts\/195441","targetHints":{"allow":["GET"]}}],"collection":[{"href":"https:\/\/zjarr.tv\/sq\/wp-json\/wp\/v2\/posts"}],"about":[{"href":"https:\/\/zjarr.tv\/sq\/wp-json\/wp\/v2\/types\/post"}],"author":[{"embeddable":true,"href":"https:\/\/zjarr.tv\/sq\/wp-json\/wp\/v2\/users\/2030"}],"replies":[{"embeddable":true,"href":"https:\/\/zjarr.tv\/sq\/wp-json\/wp\/v2\/comments?post=195441"}],"version-history":[{"count":0,"href":"https:\/\/zjarr.tv\/sq\/wp-json\/wp\/v2\/posts\/195441\/revisions"}],"wp:featuredmedia":[{"embeddable":true,"href":"https:\/\/zjarr.tv\/sq\/wp-json\/wp\/v2\/media\/195442"}],"wp:attachment":[{"href":"https:\/\/zjarr.tv\/sq\/wp-json\/wp\/v2\/media?parent=195441"}],"wp:term":[{"taxonomy":"category","embeddable":true,"href":"https:\/\/zjarr.tv\/sq\/wp-json\/wp\/v2\/categories?post=195441"},{"taxonomy":"post_tag","embeddable":true,"href":"https:\/\/zjarr.tv\/sq\/wp-json\/wp\/v2\/tags?post=195441"}],"curies":[{"name":"wp","href":"https:\/\/api.w.org\/{rel}","templated":true}]}}