{"id":195446,"date":"2021-07-26T18:16:02","date_gmt":"2021-07-26T16:16:02","guid":{"rendered":"https:\/\/zjarr.tv\/?p=195446"},"modified":"2021-07-26T18:16:02","modified_gmt":"2021-07-26T16:16:02","slug":"presidenti-meta-dekreton-tre-ligjet-e-rendesishme-dy-prej-tyre-marreveshje-huaje","status":"publish","type":"post","link":"https:\/\/zjarr.tv\/sq\/presidenti-meta-dekreton-tre-ligjet-e-rendesishme-dy-prej-tyre-marreveshje-huaje\/","title":{"rendered":"Presidenti Meta dekreton tre ligjet e r\u00ebnd\u00ebsishme, dy prej tyre marr\u00ebveshje huaje"},"content":{"rendered":"<p>Presidenti i vendit, Ilir Meta ka dekretuar dit\u00ebn e sotme tre ligje t\u00eb r\u00ebnd\u00ebsishme , dy prej t\u00eb cil\u00ebve p\u00ebr marrje huaje.<\/p>\n<p>Ligji i par\u00eb i dekretuar \u00ebsht\u00eb ai p\u00ebr marr\u00ebveshjen e huas\u00eb nd\u00ebrmjet Agjencis\u00eb s\u00eb Sigurimit t\u00eb Depozitave dhe Bank\u00ebs Europiane p\u00ebr Rind\u00ebrtim dhe Zhvillim p\u00ebr linj\u00ebn e kredis\u00eb p\u00ebr Agjencin\u00eb e Sigurimit t\u00eb Depozitave.<\/p>\n<p>Ligji tjet\u00ebr i huas\u00eb \u00ebsht\u00eb ai nd\u00ebrmjet Shqip\u00ebris\u00eb dhe bank\u00ebs gjermane \u201cfW Frankfurt am Main (KfW) p\u00ebr mb\u00ebshtetjen e reform\u00ebs n\u00eb sektorin energjitik.<\/p>\n<p>Meta ka dekretuar edhe ligjin p\u00ebr ratifikimin e vendimit nr. 1\/2021 t\u00eb K\u00ebshillit t\u00eb Stabilizim-Asociimit Bashkimi Europian \u2013 Shqip\u00ebri.<\/p>\n<p><strong>Njoftimi:<\/strong><\/p>\n<p><em>Njoftim i Institucionit t\u00eb Presidentit t\u00eb Republik\u00ebs<\/em><\/p>\n<p><em>26 korrik 2021<\/em><\/p>\n<p><em>Presidenti i Republik\u00ebs, Sh.T.Z. Ilir Meta, ka dekretuar sot me shpallje ligjet si m\u00eb posht\u00eb:<\/em><\/p>\n<p><em>\u2013 Ligj nr.92\/2021 \u201cP\u00ebr ratifikimin e marr\u00ebveshjes s\u00eb garancis\u00eb nd\u00ebrmjet Republik\u00ebs s\u00eb Shqip\u00ebris\u00eb dhe Bank\u00ebs Europiane p\u00ebr Rind\u00ebrtim dhe Zhvillim (BERZH), p\u00ebr marr\u00ebveshjen e huas nd\u00ebrmjet Agjencis\u00eb s\u00eb Sigurimit t\u00eb Depozitave dhe Bank\u00ebs Europiane p\u00ebr Rind\u00ebrtim dhe Zhvillim p\u00ebr linj\u00ebn e kredis\u00eb p\u00ebr Agjencin\u00eb e Sigurimit t\u00eb Depozitave\u201d\u201d.<\/em><\/p>\n<p><em>\u2013 Ligj nr.93\/2021 \u201cP\u00ebr ratifikimin e marr\u00ebveshjes s\u00eb huas nd\u00ebrmjet Republik\u00ebs s\u00eb Shqip\u00ebris\u00eb, (huamarr\u00ebsi), p\u00ebrfaq\u00ebsuar nga Ministria e Financave dhe Ekonomis\u00eb, dhe Kf\u00cb Frankfurt am Main (Kf\u00cb) p\u00ebr mb\u00ebshtetjen e reform\u00ebs n\u00eb sektorin energjetik n\u00eb Shqip\u00ebri \u2013 faza I\u201d\u201d.<\/em><\/p>\n<p><em>\u2013 Ligj nr. 98\/2021 \u201cP\u00ebr ratifikimin e vendimit nr. 1\/2021 t\u00eb K\u00ebshillit t\u00eb Stabilizim-Asociimit Bashkimi Europian \u2013 Shqip\u00ebri, q\u00eb ndryshon Marr\u00ebveshjen e Stabilizim-Asociimit, nd\u00ebrmjet komuniteteve europiane dhe shteteve t\u00eb tyre an\u00ebtare, nga nj\u00ebra an\u00eb, dhe Republik\u00ebs s\u00eb Shqip\u00ebris\u00eb, nga ana tjet\u00ebr, duke z\u00ebvend\u00ebsuar protokollin 4 t\u00eb saj n\u00eb lidhje me p\u00ebrkufizimin e konceptit \u201cprodukte origjinuese\u201d dhe metodat e bashk\u00ebpunimit administrativ\u201d\u201d.<\/em><\/p>\n","protected":false},"excerpt":{"rendered":"<p>Presidenti i vendit, Ilir Meta ka dekretuar dit\u00ebn e sotme tre ligje t\u00eb r\u00ebnd\u00ebsishme , dy prej t\u00eb cil\u00ebve p\u00ebr marrje huaje. Ligji i par\u00eb i dekretuar \u00ebsht\u00eb ai p\u00ebr marr\u00ebveshjen e huas\u00eb nd\u00ebrmjet Agjencis\u00eb s\u00eb Sigurimit t\u00eb Depozitave dhe Bank\u00ebs Europiane p\u00ebr Rind\u00ebrtim dhe Zhvillim p\u00ebr linj\u00ebn e kredis\u00eb p\u00ebr Agjencin\u00eb e Sigurimit t\u00eb [&hellip;]<\/p>\n","protected":false},"author":2030,"featured_media":154689,"comment_status":"closed","ping_status":"closed","sticky":false,"template":"","format":"standard","meta":{"footnotes":""},"categories":[241,1454],"tags":[],"class_list":{"0":"post-195446","1":"post","2":"type-post","3":"status-publish","4":"format-standard","5":"has-post-thumbnail","7":"category-aktualitet","8":"category-politike"},"_links":{"self":[{"href":"https:\/\/zjarr.tv\/sq\/wp-json\/wp\/v2\/posts\/195446","targetHints":{"allow":["GET"]}}],"collection":[{"href":"https:\/\/zjarr.tv\/sq\/wp-json\/wp\/v2\/posts"}],"about":[{"href":"https:\/\/zjarr.tv\/sq\/wp-json\/wp\/v2\/types\/post"}],"author":[{"embeddable":true,"href":"https:\/\/zjarr.tv\/sq\/wp-json\/wp\/v2\/users\/2030"}],"replies":[{"embeddable":true,"href":"https:\/\/zjarr.tv\/sq\/wp-json\/wp\/v2\/comments?post=195446"}],"version-history":[{"count":0,"href":"https:\/\/zjarr.tv\/sq\/wp-json\/wp\/v2\/posts\/195446\/revisions"}],"wp:featuredmedia":[{"embeddable":true,"href":"https:\/\/zjarr.tv\/sq\/wp-json\/wp\/v2\/media\/154689"}],"wp:attachment":[{"href":"https:\/\/zjarr.tv\/sq\/wp-json\/wp\/v2\/media?parent=195446"}],"wp:term":[{"taxonomy":"category","embeddable":true,"href":"https:\/\/zjarr.tv\/sq\/wp-json\/wp\/v2\/categories?post=195446"},{"taxonomy":"post_tag","embeddable":true,"href":"https:\/\/zjarr.tv\/sq\/wp-json\/wp\/v2\/tags?post=195446"}],"curies":[{"name":"wp","href":"https:\/\/api.w.org\/{rel}","templated":true}]}}