{"id":195466,"date":"2021-07-26T22:06:37","date_gmt":"2021-07-26T20:06:37","guid":{"rendered":"https:\/\/zjarr.tv\/?p=195466"},"modified":"2021-07-26T22:06:37","modified_gmt":"2021-07-26T20:06:37","slug":"zgjedhja-e-artur-kalase-ne-gjykaten-e-larte-reagon-yuri-kim-duhen-edhe-2-gjyqtare-pastaj","status":"publish","type":"post","link":"https:\/\/zjarr.tv\/sq\/zgjedhja-e-artur-kalase-ne-gjykaten-e-larte-reagon-yuri-kim-duhen-edhe-2-gjyqtare-pastaj\/","title":{"rendered":"Zgjedhja e Artur Kalas\u00eb n\u00eb Gjykat\u00ebn e Lart\u00eb, reagon Yuri Kim: Duhen edhe 2 gjyqtare pastaj \u2026"},"content":{"rendered":"<p>Artur Kalaja \u00ebsht\u00eb an\u00ebtari i ri i Gjykat\u00ebs s\u00eb Lart\u00eb. Emri i tij u dekretua sot nga Presidenti Ilir Meta dhe vendimi hyri n\u00eb fuqi menj\u00ebher\u00eb.<\/p>\n<p>Sot pasdite k\u00ebt\u00eb l\u00ebvizje pozitive n\u00eb Gjykat\u00ebn e Lart\u00eb e ka p\u00ebrsh\u00ebndetur dhe ambasadorja amerikane, Yuri Kim. Me an\u00eb t\u00eb nj\u00eb sh\u00ebnimi n\u00eb Twitter, Kim thot\u00eb se em\u00ebrimi i Kalas\u00eb si gjyqtari i tet\u00eb i Gjykat\u00ebs s\u00eb Lart\u00eb, \u00ebsht\u00eb nj\u00eb hap i r\u00ebnd\u00ebsish\u00ebm p\u00ebr ecurin\u00eb e Reform\u00ebs n\u00eb Drejt\u00ebsi.<\/p>\n<p>Diplomatja siguron q\u00eb s\u00eb shpejti do t\u00eb em\u00ebrohet dhe gjyqtari i n\u00ebnt\u00eb i Gjykat\u00ebs s\u00eb Lart\u00eb, duke plot\u00ebsuar k\u00ebshtu institucionin me 9 an\u00ebtar\u00eb.<\/p>\n<p><strong>Reagimi i Yuri Kim<\/strong><\/p>\n<p>Hap i r\u00ebnd\u00ebsish\u00ebm p\u00ebrpara p\u00ebr zbatimin e Reform\u00ebs n\u00eb Drejt\u00ebsi: Gjyqtari i 8-t\u00eb em\u00ebrohet n\u00eb Gjykat\u00ebn e Lart\u00eb, me t\u00eb 9-in q\u00eb do t\u00eb vij\u00eb s\u00eb shpejti. Sapo t\u00eb caktohet i 10-ti, Gjykkata e Lart\u00eb do t\u00eb ket\u00eb kuorumin p\u00ebr t\u00eb caktuar 3 gjyqtar\u00eb t\u00eb tjer\u00eb n\u00eb Gjykat\u00ebn Kushtetuese. Faleminderit K\u00ebshillit t\u00eb Lart\u00eb Gjyq\u00ebsor dhe Presidenc\u00ebs p\u00ebr realizimin e k\u00ebsaj.<\/p>\n","protected":false},"excerpt":{"rendered":"<p>Artur Kalaja \u00ebsht\u00eb an\u00ebtari i ri i Gjykat\u00ebs s\u00eb Lart\u00eb. Emri i tij u dekretua sot nga Presidenti Ilir Meta dhe vendimi hyri n\u00eb fuqi menj\u00ebher\u00eb. Sot pasdite k\u00ebt\u00eb l\u00ebvizje pozitive n\u00eb Gjykat\u00ebn e Lart\u00eb e ka p\u00ebrsh\u00ebndetur dhe ambasadorja amerikane, Yuri Kim. Me an\u00eb t\u00eb nj\u00eb sh\u00ebnimi n\u00eb Twitter, Kim thot\u00eb se em\u00ebrimi i [&hellip;]<\/p>\n","protected":false},"author":2030,"featured_media":195467,"comment_status":"closed","ping_status":"closed","sticky":false,"template":"","format":"standard","meta":{"footnotes":""},"categories":[241,1454],"tags":[],"class_list":{"0":"post-195466","1":"post","2":"type-post","3":"status-publish","4":"format-standard","5":"has-post-thumbnail","7":"category-aktualitet","8":"category-politike"},"_links":{"self":[{"href":"https:\/\/zjarr.tv\/sq\/wp-json\/wp\/v2\/posts\/195466","targetHints":{"allow":["GET"]}}],"collection":[{"href":"https:\/\/zjarr.tv\/sq\/wp-json\/wp\/v2\/posts"}],"about":[{"href":"https:\/\/zjarr.tv\/sq\/wp-json\/wp\/v2\/types\/post"}],"author":[{"embeddable":true,"href":"https:\/\/zjarr.tv\/sq\/wp-json\/wp\/v2\/users\/2030"}],"replies":[{"embeddable":true,"href":"https:\/\/zjarr.tv\/sq\/wp-json\/wp\/v2\/comments?post=195466"}],"version-history":[{"count":0,"href":"https:\/\/zjarr.tv\/sq\/wp-json\/wp\/v2\/posts\/195466\/revisions"}],"wp:featuredmedia":[{"embeddable":true,"href":"https:\/\/zjarr.tv\/sq\/wp-json\/wp\/v2\/media\/195467"}],"wp:attachment":[{"href":"https:\/\/zjarr.tv\/sq\/wp-json\/wp\/v2\/media?parent=195466"}],"wp:term":[{"taxonomy":"category","embeddable":true,"href":"https:\/\/zjarr.tv\/sq\/wp-json\/wp\/v2\/categories?post=195466"},{"taxonomy":"post_tag","embeddable":true,"href":"https:\/\/zjarr.tv\/sq\/wp-json\/wp\/v2\/tags?post=195466"}],"curies":[{"name":"wp","href":"https:\/\/api.w.org\/{rel}","templated":true}]}}