{"id":196995,"date":"2021-08-09T18:44:33","date_gmt":"2021-08-09T16:44:33","guid":{"rendered":"https:\/\/zjarr.tv\/?p=196995"},"modified":"2021-08-09T18:44:33","modified_gmt":"2021-08-09T16:44:33","slug":"jepen-masat-per-7-te-arrestuarit-me-61-kg-kanabis-shisnin-edhe-arme-zjarri","status":"publish","type":"post","link":"https:\/\/zjarr.tv\/sq\/jepen-masat-per-7-te-arrestuarit-me-61-kg-kanabis-shisnin-edhe-arme-zjarri\/","title":{"rendered":"Jepen masat p\u00ebr 7 t\u00eb arrestuarit me 61 kg kanabis, shisnin edhe arm\u00eb zjarri"},"content":{"rendered":"<p style=\"background: white; margin: 0in 0in 19.5pt 0in;\">Gjykata e Durr\u00ebsit l\u00eb n\u00eb burg 7 trafikant\u00ebt e arrestuar tre dit\u00eb m\u00eb par\u00eb gjat\u00eb tentativ\u00ebs p\u00ebr t\u00eb transportuar 61.5 kilogram kanabis me tre makina nga Vora n\u00eb Fush\u00eb-Kruj\u00eb.<\/p>\n<p style=\"background: white; -webkit-tap-highlight-color: transparent !important; box-sizing: border-box; overflow-wrap: break-word; font-variant-ligatures: normal; font-variant-caps: normal; orphans: 2; widows: 2; -webkit-text-stroke-width: 0px; text-decoration-thickness: initial; text-decoration-style: initial; text-decoration-color: initial; word-spacing: 0px; margin: 0in 0in 19.5pt 0in;\">Gjykata ka l\u00ebn\u00eb n\u00eb burg Korab Cal\u00ebn t\u00eb konsideruar si drejtuesi i k\u00ebtij grupi kriminal, q\u00eb sipas hetimeve merrej edhe me shitjen e arm\u00ebve.<\/p>\n<p style=\"background: white; -webkit-tap-highlight-color: transparent !important; box-sizing: border-box; overflow-wrap: break-word; font-variant-ligatures: normal; font-variant-caps: normal; orphans: 2; widows: 2; -webkit-text-stroke-width: 0px; text-decoration-thickness: initial; text-decoration-style: initial; text-decoration-color: initial; word-spacing: 0px; margin: 0in 0in 19.5pt 0in;\">N\u00eb mas\u00ebn arrest me burg jan\u00eb l\u00ebn\u00eb edhe t\u00eb arrestuarit e tjer\u00eb, Anton Gjini, Onfred Dedja, Gerald Stema, Klejvis Metalla, Gernard Lala dhe Alfred Sefa.<\/p>\n<p style=\"background: white; -webkit-tap-highlight-color: transparent !important; box-sizing: border-box; overflow-wrap: break-word; font-variant-ligatures: normal; font-variant-caps: normal; orphans: 2; widows: 2; -webkit-text-stroke-width: 0px; text-decoration-thickness: initial; text-decoration-style: initial; text-decoration-color: initial; word-spacing: 0px; margin: 0in 0in 19.5pt 0in;\">Mbi ta r\u00ebndojn\u00eb akuzat \u201cTrafikimi i arm\u00ebve dhe Municioneve\u201d, \u201cTrafikim i l\u00ebnd\u00ebve narkotike\u201d, \u201cProdhimi dhe shitja e l\u00ebnd\u00ebve narkotike\u201d.<\/p>\n<p style=\"background: white; -webkit-tap-highlight-color: transparent !important; box-sizing: border-box; overflow-wrap: break-word; font-variant-ligatures: normal; font-variant-caps: normal; orphans: 2; widows: 2; -webkit-text-stroke-width: 0px; text-decoration-thickness: initial; text-decoration-style: initial; text-decoration-color: initial; word-spacing: 0px; margin: 0in 0in 19.5pt 0in;\">Korab Cala, me banim n\u00eb lagjen Ali Demi t\u00eb Tiran\u00ebs rezulton se merrej edhe me tregtin\u00eb e arm\u00ebve. N\u00eb p\u00ebrgjime ai \u00ebsht\u00eb kapur duke th\u00ebn\u00eb se \u201ckemi arm\u00eb plot\u201d. Ai e shiste nj\u00eb pistolet\u00eb p\u00ebr rreth 1200 euro, nd\u00ebrsa nj\u00eb arm\u00eb zjarri automatike n\u00eb vler\u00ebn e 800 eurove dhe 1 kg hashash n\u00eb vler\u00ebn e 1600 eurove.<\/p>\n","protected":false},"excerpt":{"rendered":"<p>Gjykata e Durr\u00ebsit l\u00eb n\u00eb burg 7 trafikant\u00ebt e arrestuar tre dit\u00eb m\u00eb par\u00eb gjat\u00eb tentativ\u00ebs p\u00ebr t\u00eb transportuar 61.5 kilogram kanabis me tre makina nga Vora n\u00eb Fush\u00eb-Kruj\u00eb. Gjykata ka l\u00ebn\u00eb n\u00eb burg Korab Cal\u00ebn t\u00eb konsideruar si drejtuesi i k\u00ebtij grupi kriminal, q\u00eb sipas hetimeve merrej edhe me shitjen e arm\u00ebve. N\u00eb mas\u00ebn [&hellip;]<\/p>\n","protected":false},"author":2030,"featured_media":196996,"comment_status":"closed","ping_status":"closed","sticky":false,"template":"","format":"standard","meta":{"footnotes":""},"categories":[241],"tags":[],"class_list":{"0":"post-196995","1":"post","2":"type-post","3":"status-publish","4":"format-standard","5":"has-post-thumbnail","7":"category-aktualitet"},"_links":{"self":[{"href":"https:\/\/zjarr.tv\/sq\/wp-json\/wp\/v2\/posts\/196995","targetHints":{"allow":["GET"]}}],"collection":[{"href":"https:\/\/zjarr.tv\/sq\/wp-json\/wp\/v2\/posts"}],"about":[{"href":"https:\/\/zjarr.tv\/sq\/wp-json\/wp\/v2\/types\/post"}],"author":[{"embeddable":true,"href":"https:\/\/zjarr.tv\/sq\/wp-json\/wp\/v2\/users\/2030"}],"replies":[{"embeddable":true,"href":"https:\/\/zjarr.tv\/sq\/wp-json\/wp\/v2\/comments?post=196995"}],"version-history":[{"count":0,"href":"https:\/\/zjarr.tv\/sq\/wp-json\/wp\/v2\/posts\/196995\/revisions"}],"wp:featuredmedia":[{"embeddable":true,"href":"https:\/\/zjarr.tv\/sq\/wp-json\/wp\/v2\/media\/196996"}],"wp:attachment":[{"href":"https:\/\/zjarr.tv\/sq\/wp-json\/wp\/v2\/media?parent=196995"}],"wp:term":[{"taxonomy":"category","embeddable":true,"href":"https:\/\/zjarr.tv\/sq\/wp-json\/wp\/v2\/categories?post=196995"},{"taxonomy":"post_tag","embeddable":true,"href":"https:\/\/zjarr.tv\/sq\/wp-json\/wp\/v2\/tags?post=196995"}],"curies":[{"name":"wp","href":"https:\/\/api.w.org\/{rel}","templated":true}]}}