{"id":197002,"date":"2021-08-09T19:03:38","date_gmt":"2021-08-09T17:03:38","guid":{"rendered":"https:\/\/zjarr.tv\/?p=197002"},"modified":"2021-08-09T19:03:38","modified_gmt":"2021-08-09T17:03:38","slug":"apeli-nuk-lehteson-masen-per-jaeld-celen-mbetet-ne-fuqi-vendimi-i-gjykates-se-posacme","status":"publish","type":"post","link":"https:\/\/zjarr.tv\/sq\/apeli-nuk-lehteson-masen-per-jaeld-celen-mbetet-ne-fuqi-vendimi-i-gjykates-se-posacme\/","title":{"rendered":"Apeli nuk leht\u00ebson mas\u00ebn p\u00ebr Jaeld \u00c7el\u00ebn, mbetet n\u00eb fuqi vendimi i Gjykat\u00ebs s\u00eb Posa\u00e7me"},"content":{"rendered":"<p style=\"background: white; margin: 0in 0in 19.5pt 0in;\">Apeli i Gjykat\u00ebs s\u00eb Posa\u00e7me ka refuzuar k\u00ebrkes\u00ebn e Jaeld \u00c7el\u00ebs p\u00ebr leht\u00ebsimin e mas\u00ebs s\u00eb siguris\u00eb.<\/p>\n<p style=\"background: white; -webkit-tap-highlight-color: transparent !important; box-sizing: border-box; overflow-wrap: break-word; font-variant-ligatures: normal; font-variant-caps: normal; orphans: 2; widows: 2; -webkit-text-stroke-width: 0px; text-decoration-thickness: initial; text-decoration-style: initial; text-decoration-color: initial; word-spacing: 0px; margin: 0in 0in 19.5pt 0in;\">Apeli ka l\u00ebn\u00eb n\u00eb fuqi vendimin e shkall\u00ebs s\u00eb par\u00eb duke caktuar ndaj ish-drejtorit t\u00eb policis\u00eb s\u00eb Vlor\u00ebs, mas\u00ebn e siguris\u00eb \u201carrest me burg\u201d.<\/p>\n<p style=\"background: white; -webkit-tap-highlight-color: transparent !important; box-sizing: border-box; overflow-wrap: break-word; font-variant-ligatures: normal; font-variant-caps: normal; orphans: 2; widows: 2; -webkit-text-stroke-width: 0px; text-decoration-thickness: initial; text-decoration-style: initial; text-decoration-color: initial; word-spacing: 0px; margin: 0in 0in 19.5pt 0in;\">\u00c7ela u vet\u00ebdor\u00ebzua n\u00eb polici n\u00eb maj t\u00eb 2020-\u00ebs, pas dy vitesh n\u00eb arrati.<\/p>\n<p style=\"background: white; -webkit-tap-highlight-color: transparent !important; box-sizing: border-box; overflow-wrap: break-word; font-variant-ligatures: normal; font-variant-caps: normal; orphans: 2; widows: 2; -webkit-text-stroke-width: 0px; text-decoration-thickness: initial; text-decoration-style: initial; text-decoration-color: initial; word-spacing: 0px; margin: 0in 0in 19.5pt 0in;\">Ai \u00ebsht\u00eb d\u00ebnuar n\u00eb munges\u00eb nga gjykata e posa\u00e7me e shkall\u00ebs s\u00eb par\u00eb me 3 vite e 4 muaj burg p\u00ebr \u201cshperdorim detyre\u2019\u2019.<\/p>\n","protected":false},"excerpt":{"rendered":"<p>Apeli i Gjykat\u00ebs s\u00eb Posa\u00e7me ka refuzuar k\u00ebrkes\u00ebn e Jaeld \u00c7el\u00ebs p\u00ebr leht\u00ebsimin e mas\u00ebs s\u00eb siguris\u00eb. Apeli ka l\u00ebn\u00eb n\u00eb fuqi vendimin e shkall\u00ebs s\u00eb par\u00eb duke caktuar ndaj ish-drejtorit t\u00eb policis\u00eb s\u00eb Vlor\u00ebs, mas\u00ebn e siguris\u00eb \u201carrest me burg\u201d. \u00c7ela u vet\u00ebdor\u00ebzua n\u00eb polici n\u00eb maj t\u00eb 2020-\u00ebs, pas dy vitesh n\u00eb arrati. [&hellip;]<\/p>\n","protected":false},"author":2030,"featured_media":197003,"comment_status":"closed","ping_status":"closed","sticky":false,"template":"","format":"standard","meta":{"footnotes":""},"categories":[241],"tags":[],"class_list":{"0":"post-197002","1":"post","2":"type-post","3":"status-publish","4":"format-standard","5":"has-post-thumbnail","7":"category-aktualitet"},"_links":{"self":[{"href":"https:\/\/zjarr.tv\/sq\/wp-json\/wp\/v2\/posts\/197002","targetHints":{"allow":["GET"]}}],"collection":[{"href":"https:\/\/zjarr.tv\/sq\/wp-json\/wp\/v2\/posts"}],"about":[{"href":"https:\/\/zjarr.tv\/sq\/wp-json\/wp\/v2\/types\/post"}],"author":[{"embeddable":true,"href":"https:\/\/zjarr.tv\/sq\/wp-json\/wp\/v2\/users\/2030"}],"replies":[{"embeddable":true,"href":"https:\/\/zjarr.tv\/sq\/wp-json\/wp\/v2\/comments?post=197002"}],"version-history":[{"count":0,"href":"https:\/\/zjarr.tv\/sq\/wp-json\/wp\/v2\/posts\/197002\/revisions"}],"wp:featuredmedia":[{"embeddable":true,"href":"https:\/\/zjarr.tv\/sq\/wp-json\/wp\/v2\/media\/197003"}],"wp:attachment":[{"href":"https:\/\/zjarr.tv\/sq\/wp-json\/wp\/v2\/media?parent=197002"}],"wp:term":[{"taxonomy":"category","embeddable":true,"href":"https:\/\/zjarr.tv\/sq\/wp-json\/wp\/v2\/categories?post=197002"},{"taxonomy":"post_tag","embeddable":true,"href":"https:\/\/zjarr.tv\/sq\/wp-json\/wp\/v2\/tags?post=197002"}],"curies":[{"name":"wp","href":"https:\/\/api.w.org\/{rel}","templated":true}]}}