{"id":197291,"date":"2021-08-12T08:27:15","date_gmt":"2021-08-12T06:27:15","guid":{"rendered":"https:\/\/zjarr.tv\/?p=197291"},"modified":"2021-08-12T08:27:15","modified_gmt":"2021-08-12T06:27:15","slug":"skandaloze-be-i-hoqi-nga-tregu-cokollatat-dhe-akulloret-snickers-e-mars-me-lende-kancerogjene-mbushin-marketet-shqiptare-kujdes-ja-serite-qe-vune-ne-alarm-aku-ne","status":"publish","type":"post","link":"https:\/\/zjarr.tv\/sq\/skandaloze-be-i-hoqi-nga-tregu-cokollatat-dhe-akulloret-snickers-e-mars-me-lende-kancerogjene-mbushin-marketet-shqiptare-kujdes-ja-serite-qe-vune-ne-alarm-aku-ne\/","title":{"rendered":"SKANDALOZE\/ BE i hoqi nga tregu, \u00e7okollatat dhe akulloret Snickers e Mars me l\u00ebnd\u00eb kancerogjene mbushin marketet shqiptare (Kujdes! Ja serit\u00eb q\u00eb vun\u00eb n\u00eb alarm AKU-n\u00eb)"},"content":{"rendered":"<p>Nj\u00eb debat i gjer\u00eb ka p\u00ebrfshir\u00eb Bashkimin Evropian n\u00eb lidhje me disa produkte ushqimore t\u00eb cilat sipas ekspert\u00ebve, p\u00ebrb\u00ebjn\u00eb nj\u00eb k\u00ebrc\u00ebnim serioz p\u00ebr jet\u00ebn e konsumator\u00ebve, pasi p\u00ebrmbajn\u00eb substanc\u00eb kancerogjene t\u00eb oksidit t\u00eb etilenit.<\/p>\n<p>Franca nd\u00ebrkoh\u00eb \u00ebsht\u00eb nj\u00eb nga vendet e para e cila ka t\u00ebrhequr nga tregu produketet e \u00e7okollatave dhe akulloreve t\u00eb cilat p\u00ebrmbajn\u00eb substanc\u00ebn e oksidit t\u00eb etilenit.<\/p>\n<p>Kompania ushqimore Mars ka t\u00ebrhequr nga tregu markat e njohura t\u00eb akulloreve Snickers, Bounty, M &#038; Ms dhe Twix. Aditivi i p\u00ebrdorur n\u00eb k\u00ebto produkte, \u00e7am\u00e7ak\u00ebzi i karkalecit (E410), \u00ebsht\u00eb i kontaminuar me substanc\u00ebn kancerogjene t\u00eb oksidit t\u00eb etilenit, deklaroi kompania.<\/p>\n<p>Disa jav\u00eb m\u00eb par\u00eb kompania \u2018Mars\u2019 b\u00ebri t\u00ebrheqjen nga tregu t\u00eb k\u00ebtyre produkteve p\u00ebrfshir\u00eb shtete si Austria, Rumania dhe Suedia, nd\u00ebrkoh\u00eb q\u00eb qytetar\u00ebt gjerman\u00eb kan\u00eb nisur nj\u00eb peticion ku k\u00ebrkojn\u00eb t\u00ebrheqjen e k\u00ebtyre produkteve t\u00eb kontaminuara.<\/p>\n<p>AutoritetI Komb\u00ebtar i Ushqimit (AKU) pas interesimit t\u00eb FaxNews deklaroi se jan\u00eb njoftuar t\u00eb gjith\u00eb distributor\u00ebt t\u00eb t\u00ebrheqin nga tregu ato produkte q\u00eb jan\u00eb n\u00eb list\u00ebn ndaluar. AKU shprehet se jan\u00eb urdh\u00ebruar t\u00eb t\u00ebrhiqen ato produkte q\u00eb shfaqin problematik\u00eb nga linja e prodhimit, ku deri tani b\u00ebhet me dije se jan\u00eb t\u00ebrhequr nga tregu dy lote me akullore dhe dy me \u00e7okollat\u00eb.<\/p>\n<p>Fakti q\u00eb vlen t\u00eb theksohet \u00ebsht\u00eb se konsumatori shqiptar\u00eb nuk \u00ebsht\u00eb v\u00ebn\u00eb n\u00eb dijeni p\u00ebr produktet q\u00eb nuk duhet t\u00eb konsumoheshin gjat\u00eb koh\u00ebs q\u00eb ato kan\u00eb qen\u00eb dhe vijojn\u00eb t\u00eb jen\u00eb n\u00eb treg.<\/p>\n","protected":false},"excerpt":{"rendered":"<p>Nj\u00eb debat i gjer\u00eb ka p\u00ebrfshir\u00eb Bashkimin Evropian n\u00eb lidhje me disa produkte ushqimore t\u00eb cilat sipas ekspert\u00ebve, p\u00ebrb\u00ebjn\u00eb nj\u00eb k\u00ebrc\u00ebnim serioz p\u00ebr jet\u00ebn e konsumator\u00ebve, pasi p\u00ebrmbajn\u00eb substanc\u00eb kancerogjene t\u00eb oksidit t\u00eb etilenit. Franca nd\u00ebrkoh\u00eb \u00ebsht\u00eb nj\u00eb nga vendet e para e cila ka t\u00ebrhequr nga tregu produketet e \u00e7okollatave dhe akulloreve t\u00eb cilat [&hellip;]<\/p>\n","protected":false},"author":2031,"featured_media":197292,"comment_status":"closed","ping_status":"closed","sticky":false,"template":"","format":"standard","meta":{"footnotes":""},"categories":[241,231,235],"tags":[],"class_list":{"0":"post-197291","1":"post","2":"type-post","3":"status-publish","4":"format-standard","5":"has-post-thumbnail","7":"category-aktualitet","8":"category-lajme","9":"category-vendi"},"_links":{"self":[{"href":"https:\/\/zjarr.tv\/sq\/wp-json\/wp\/v2\/posts\/197291","targetHints":{"allow":["GET"]}}],"collection":[{"href":"https:\/\/zjarr.tv\/sq\/wp-json\/wp\/v2\/posts"}],"about":[{"href":"https:\/\/zjarr.tv\/sq\/wp-json\/wp\/v2\/types\/post"}],"author":[{"embeddable":true,"href":"https:\/\/zjarr.tv\/sq\/wp-json\/wp\/v2\/users\/2031"}],"replies":[{"embeddable":true,"href":"https:\/\/zjarr.tv\/sq\/wp-json\/wp\/v2\/comments?post=197291"}],"version-history":[{"count":0,"href":"https:\/\/zjarr.tv\/sq\/wp-json\/wp\/v2\/posts\/197291\/revisions"}],"wp:featuredmedia":[{"embeddable":true,"href":"https:\/\/zjarr.tv\/sq\/wp-json\/wp\/v2\/media\/197292"}],"wp:attachment":[{"href":"https:\/\/zjarr.tv\/sq\/wp-json\/wp\/v2\/media?parent=197291"}],"wp:term":[{"taxonomy":"category","embeddable":true,"href":"https:\/\/zjarr.tv\/sq\/wp-json\/wp\/v2\/categories?post=197291"},{"taxonomy":"post_tag","embeddable":true,"href":"https:\/\/zjarr.tv\/sq\/wp-json\/wp\/v2\/tags?post=197291"}],"curies":[{"name":"wp","href":"https:\/\/api.w.org\/{rel}","templated":true}]}}