{"id":197499,"date":"2021-08-13T22:38:54","date_gmt":"2021-08-13T20:38:54","guid":{"rendered":"https:\/\/zjarr.tv\/?p=197499"},"modified":"2021-08-13T22:38:54","modified_gmt":"2021-08-13T20:38:54","slug":"rritja-e-rasteve-nga-covid-19-vasili-qeveri-shkundu-po-te-iken-situata-nga-duart","status":"publish","type":"post","link":"https:\/\/zjarr.tv\/sq\/rritja-e-rasteve-nga-covid-19-vasili-qeveri-shkundu-po-te-iken-situata-nga-duart\/","title":{"rendered":"Rritja e rasteve nga Covid-19, Vasili: Qeveri shkundu, po t\u00eb ik\u00ebn situata nga duart"},"content":{"rendered":"<p>&#8230;<br \/>\nEdhe nj\u00ebher\u00eb tjet\u00ebr n\u00ebnkryetari i LSI-s\u00eb, Petrit Vasili shpreh shqet\u00ebsimin p\u00ebr rritjen e rasteve t\u00eb reja nga Covid-19. N\u00eb 24 or\u00ebt e fundit Ministria e Sh\u00ebndet\u00ebsis\u00eb raportoi p\u00ebr 378 raste t\u00eb reja dhe p\u00ebr Vasilin qeveria duhet q\u00eb t\u00eb marr\u00eb masa menj\u00ebher\u00eb. \u201dQeveri shkundu, po t\u00eb ik\u00ebn situata nga duart me Covid-in. Dje paralajm\u00ebrova qart\u00eb se treguesit epidemiologjike flasin qart\u00eb p\u00ebr nj\u00eb p\u00ebrshkall\u00ebzim t\u00eb rreziksh\u00ebm t\u00eb Covid n\u00eb Shqip\u00ebri. Sot 379 raste t\u00eb reja me Covid. Rritja \u00ebsht\u00eb plot 37% nga dje n\u00eb sot. Rritja vazhdon fort dhe pa u ndalur\u201d,-shkruan Vasili n\u00eb facebook.<\/p>\n<p>Postimi i plot\u00eb<\/p>\n<p>Qeveri shkundu, po t\u00eb ik\u00ebn situata nga duart me Covid-in. Dje paralajm\u00ebrova qart\u00eb se treguesit epidemiologjike flasin qart\u00eb p\u00ebr nj\u00eb p\u00ebrshkall\u00ebzim t\u00eb rreziksh\u00ebm t\u00eb Covid n\u00eb Shqip\u00ebri. Sot 379 raste t\u00eb reja me Covid. Rritja \u00ebsht\u00eb plot 37% nga dje n\u00eb sot. Rritja vazhdon fort dhe pa u ndalur.<\/p>\n<p>Vjet n\u00eb k\u00ebt\u00eb koh\u00eb kishim vet\u00ebm rreth 140 raste dhe situata n\u00eb vjesht\u00eb dim\u00ebr precipitoi n\u00eb m\u00ebnyr\u00eb katastrofike.<br \/>\nSigurisht k\u00ebta vazhdojn\u00eb me strategjin\u00eb e lig\u00eb dhe vrastare t\u00eb \u201cl\u00ebnies n\u00eb r\u00ebnie t\u00eb lir\u00eb t\u00eb ecuris\u00eb s\u00eb pandemis\u00eb\u201d.<br \/>\nTh\u00ebrrisni profesionistet. Boll b\u00ebt\u00eb sikur nuk d\u00ebgjoni. Mjaft m\u00eb me arroganc\u00eb.<\/p>\n<p>Mjaft m\u00eb me budalleqet e porositura politike t\u00eb Komitetit t\u00eb Ekspert\u00ebve, q\u00eb i shkaktuan aq d\u00ebme t\u00eb r\u00ebnda sh\u00ebndetit t\u00eb shqiptar\u00ebve.<\/p>\n","protected":false},"excerpt":{"rendered":"<p>&#8230; Edhe nj\u00ebher\u00eb tjet\u00ebr n\u00ebnkryetari i LSI-s\u00eb, Petrit Vasili shpreh shqet\u00ebsimin p\u00ebr rritjen e rasteve t\u00eb reja nga Covid-19. N\u00eb 24 or\u00ebt e fundit Ministria e Sh\u00ebndet\u00ebsis\u00eb raportoi p\u00ebr 378 raste t\u00eb reja dhe p\u00ebr Vasilin qeveria duhet q\u00eb t\u00eb marr\u00eb masa menj\u00ebher\u00eb. \u201dQeveri shkundu, po t\u00eb ik\u00ebn situata nga duart me Covid-in. Dje paralajm\u00ebrova [&hellip;]<\/p>\n","protected":false},"author":2031,"featured_media":157470,"comment_status":"closed","ping_status":"closed","sticky":false,"template":"","format":"standard","meta":{"footnotes":""},"categories":[231],"tags":[],"class_list":{"0":"post-197499","1":"post","2":"type-post","3":"status-publish","4":"format-standard","5":"has-post-thumbnail","7":"category-lajme"},"_links":{"self":[{"href":"https:\/\/zjarr.tv\/sq\/wp-json\/wp\/v2\/posts\/197499","targetHints":{"allow":["GET"]}}],"collection":[{"href":"https:\/\/zjarr.tv\/sq\/wp-json\/wp\/v2\/posts"}],"about":[{"href":"https:\/\/zjarr.tv\/sq\/wp-json\/wp\/v2\/types\/post"}],"author":[{"embeddable":true,"href":"https:\/\/zjarr.tv\/sq\/wp-json\/wp\/v2\/users\/2031"}],"replies":[{"embeddable":true,"href":"https:\/\/zjarr.tv\/sq\/wp-json\/wp\/v2\/comments?post=197499"}],"version-history":[{"count":0,"href":"https:\/\/zjarr.tv\/sq\/wp-json\/wp\/v2\/posts\/197499\/revisions"}],"wp:featuredmedia":[{"embeddable":true,"href":"https:\/\/zjarr.tv\/sq\/wp-json\/wp\/v2\/media\/157470"}],"wp:attachment":[{"href":"https:\/\/zjarr.tv\/sq\/wp-json\/wp\/v2\/media?parent=197499"}],"wp:term":[{"taxonomy":"category","embeddable":true,"href":"https:\/\/zjarr.tv\/sq\/wp-json\/wp\/v2\/categories?post=197499"},{"taxonomy":"post_tag","embeddable":true,"href":"https:\/\/zjarr.tv\/sq\/wp-json\/wp\/v2\/tags?post=197499"}],"curies":[{"name":"wp","href":"https:\/\/api.w.org\/{rel}","templated":true}]}}