{"id":197503,"date":"2021-08-13T23:05:29","date_gmt":"2021-08-13T21:05:29","guid":{"rendered":"https:\/\/zjarr.tv\/?p=197503"},"modified":"2021-08-13T23:05:29","modified_gmt":"2021-08-13T21:05:29","slug":"shqiperia-nuk-e-meriton-edi-ramen","status":"publish","type":"post","link":"https:\/\/zjarr.tv\/sq\/shqiperia-nuk-e-meriton-edi-ramen\/","title":{"rendered":"Shqip\u00ebria nuk e meriton Edi Ram\u00ebn"},"content":{"rendered":"<p>Nga Agim Nesho<br \/>\n\u00c7do popull ka qeverin\u00eb q\u00eb meriton. Kjo shprehje t\u00eb krijon nj\u00eb ndjenj\u00eb trishtimi p\u00ebr t\u00eb gjith\u00eb ata q\u00eb gjykojn\u00eb qeverisjen e vendit t\u00eb tyre por edhe nj\u00eb moment ngush\u00ebllimi p\u00ebr pamund\u00ebsin\u00eb e ndryshimit t\u00eb gj\u00ebrave. T\u00eb shtypur n\u00eb karakter dhe me ADN t\u00eb ndryshuar nga perandorit\u00eb q\u00eb na kan\u00eb pushtuar por edhe nga diktaturat e egra q\u00eb kan\u00eb z\u00ebn\u00eb vend n\u00eb psikologjin\u00eb popullore, shpesh fatin ton\u00eb ia kemi besuar nj\u00eb njeriu q\u00eb ka pasur pushtetin, t\u00eb marr\u00eb me t\u00eb drejt\u00ebn hyjnore (perandor\u00ebt, mbret\u00ebrit) apo t\u00eb marr\u00eb me merit\u00eb apo forc\u00eb. Pavar\u00ebsisht se pushteti ishte q\u00ebllimi i tyre, pothuajse t\u00eb gjith\u00eb kishin kuptuar se madh\u00ebshtia e tyre ishte e lidhur me tok\u00ebn, feudin, popullin dhe kombin e tyre<\/p>\n<p>Pas qindra vjet\u00ebsh n\u00eb rob\u00ebri dhe shtypje, s\u00eb fundmi Shqip\u00ebria arriti t\u00eb shijoj\u00eb demokracin\u00eb. Lider\u00ebt Shqiptar\u00eb t\u00eb tranzicionit demokratik u p\u00ebrpoq\u00ebn t\u00eb krijonin shtet por harxhuan shum\u00eb energji n\u00eb luft\u00ebn e tyre ideologjike p\u00ebr t\u00eb mbajtur pushtetin. Por asnj\u00ebher\u00eb dhe n\u00eb cdo rast ata nuk ceduan n\u00eb problemet kryesore t\u00eb ekzistenc\u00ebs s\u00eb kombit dhe t\u00eb ardhmes s\u00eb tij.<\/p>\n<p>Por historia tragjike e kombit n\u00eb disa raste kthehet edhe n\u00eb form\u00ebn komike t\u00eb saj. Shqiptar\u00ebt t\u00eb dehur nga liria nuk mendonin m\u00eb se mund t\u00eb humbisnin edhe ato q\u00eb kishin fituar. Moderniteti ju kishte m\u00ebsuar q\u00eb historin\u00eb ta shikonin si shfaqje ku forma dhe ngjyrat kishin m\u00eb vler\u00eb se realiteti; ku parimet e tyre nuk mateshin sesa kishin dh\u00ebn\u00eb p\u00ebr atdheun dhe shoq\u00ebrin\u00eb por nga origjinaliteti i lakuriq\u00ebsis\u00eb s\u00eb tyre; kur shembulli i George Washington p\u00ebr t\u00eb b\u00ebr\u00eb shtet venitej nga Potemkini Rus p\u00ebr t\u00eb ngritur fasad\u00eb e p\u00ebr t\u00eb pikturuar zyra; kur shteti i s\u00eb drejt\u00ebs mund t\u00eb funksiononte m\u00eb mir\u00eb me er\u00ebn e drog\u00ebs dhe vajin e kanabisit; kur patriotizmi nuk \u00ebsht\u00eb vep\u00ebr e atdhetar\u00ebve por e \u2018bandave dhe krimit q\u00eb mund t\u00eb ngren\u00eb shtetin\u2019.<\/p>\n<p>Dhe t\u00eb gjith\u00eb rrin\u00eb t\u00eb heshtur, t\u00eb pap\u00ebrfillur, t\u00eb paguxuar n\u00eb t\u00eb ashtuquajtur\u00ebn demokraci Shqiptare, ku realiteti shfaqet nga ERTV si nj\u00eb parajs\u00eb dhe zhurma e kazanit, tepsis\u00eb, timonit p\u00ebrb\u00ebn uvertur\u00ebn e shfaqjes.<\/p>\n<p>Jetojm\u00eb n\u00eb koh\u00ebn e delirant\u00ebve dhe k\u00ebnaqemi me fantazit\u00eb dhe shfaqjet e tyre. Nuk diskutohet vet\u00ebm autoritarizmi i nj\u00eb lideri q\u00eb vendos p\u00ebr \u00e7do gj\u00eb dhe mbi \u00e7do gj\u00eb p\u00ebr tok\u00ebn, detin, pronat por kemi t\u00eb b\u00ebjm\u00eb me ruajtjen e interesave komb\u00ebtare dhe t\u00eb ardhmes s\u00eb shqiptarizmit n\u00eb shekullin e 21-t\u00eb.<\/p>\n<p>Projekti Ballkani i Hapur \u00ebsht\u00eb nga ato projekte q\u00eb mund t\u00eb tjet\u00ebrsojn\u00eb t\u00eb ardhmen e kombit ton\u00eb. \u00cbsht\u00eb nj\u00eb \u00e7\u00ebshtje ku nd\u00ebrgjegjja komb\u00ebtare duhet t\u00eb zgjohet dhe t\u00eb l\u00ebviz\u00eb. N\u00eb thelb ky projekt \u00ebsht\u00eb nj\u00eb martes\u00eb interesash midis nj\u00eb globalisti t\u00eb etiketuar si mendje e hapur me nj\u00eb neonacionalist serb konservator. T\u00eb dy marrin pjes\u00eb n\u00eb nj\u00eb shfaqje t\u00eb sponsorizuar me nj\u00eb q\u00ebllim t\u00eb p\u00ebrbashk\u00ebt: T\u00eb shp\u00ebtojm\u00eb hap\u00ebsirat Serbe.<\/p>\n<p>Pse Shqip\u00ebria nuk duhet t\u00eb jet\u00eb pjes\u00eb e Open Balkan?<\/p>\n<p>S\u00eb pari, Shqip\u00ebria nuk duhet ta pranoj\u00eb Open Balkan si projekt p\u00ebr t\u00eb sjell\u00eb dominimin serb n\u00eb Ballkanin Per\u00ebndimor, ku Kosova nuk pranohet si shtet sovran me t\u00eb drejta t\u00eb plota. Interesat afatgjata t\u00eb Shqip\u00ebris\u00eb duhet t\u00eb jen\u00eb t\u00eb nj\u00ebjta me ato t\u00eb Kosov\u00ebs.<\/p>\n<p>S\u00eb dyti, Open Balkan nuk mund t\u00eb z\u00ebvend\u00ebsoj\u00eb asnj\u00eb iniciativ\u00eb integruese t\u00eb BE-s\u00eb p\u00ebr Ballkanin Per\u00ebndimor ku pik\u00ebrisht BE do t\u00eb jet\u00eb garantuesi, sponsorizuesi i k\u00ebsaj iniciative, e cila \u00ebsht\u00eb pjes\u00eb e projektit t\u00eb saj afatgjat\u00eb t\u00eb integrimit t\u00eb rajonit t\u00eb BE. N\u00eb munges\u00eb t\u00eb saj, kush do ta pengoj\u00eb Serbin\u00eb t\u00eb shtrij\u00eb interesat e saj t\u00eb p\u00ebrbashk\u00ebta me Rusin\u00eb dhe Kin\u00ebn n\u00eb Ballkan?<\/p>\n<p>S\u00eb treti, Open Balkan \u00ebsht\u00eb nj\u00eb presion i hapur ndaj tre vendeve t\u00eb Ballkanit Per\u00ebndimor &#8211; Kosov\u00eb, Bosnj\u00eb-Hercegovin\u00ebs, dhe Mali i Zi &#8211; p\u00ebr t\u00eb detyruar k\u00ebto vende t\u00eb pranojn\u00eb zgjedhje gjeopolitike n\u00eb favor t\u00eb Serbis\u00eb. Ekonomikisht Serbia kthen ish-Jugosllavin\u00eb me nj\u00eb aktor t\u00eb ri si\u00e7 \u00ebsht\u00eb Shqip\u00ebria.<\/p>\n<p>S\u00eb kat\u00ebrti, nuk mund t\u00eb ket\u00eb inisiativ\u00eb p\u00ebr Ballkanin e hapur n\u00eb nj\u00eb realitet kur plag\u00ebt e t\u00eb shkuar\u00ebs nuk jan\u00eb sh\u00ebruar akoma. Minimalisht Serbia duhet t\u00eb k\u00ebrkoj\u00eb falje p\u00ebr krimet e kryera n\u00eb Kosov\u00eb dhe n\u00eb rajon. <\/p>\n<p>S\u00eb pesti, \u00e7\u00ebshtja e njohjes s\u00eb Kosov\u00ebs me koh\u00eb mund t\u00eb venitet dhe Serbia realizon skenarin e saj p\u00ebr mos njohjen e pavar\u00ebsis\u00eb s\u00eb Kosov\u00ebs. Asnj\u00eb skenar q\u00eb mund t\u00eb bashkoj\u00eb shqiptar\u00ebt me projektet Vu\u00e7i\u00e7-Rama nuk justifikohet me kompromise ndaj tok\u00ebs shqiptare t\u00eb Kosov\u00ebs. Sado globalist\u00eb t\u00eb jen\u00eb projektet e bashk\u00ebpunimit, rendi nd\u00ebrkomb\u00ebtar ka funksionuar dhe funksionon me deviz\u00ebn q\u00eb \u00e7do iniciativ\u00eb sado p\u00ebrfituese nuk mund t\u00eb prevaloj\u00eb ndaj interesit komb\u00ebtar. Danimarka refuzoi t\u00eb shiste Greenland\u00ebn SHBA-s\u00eb, me k\u00ebrkes\u00eb t\u00eb presidentit Trump, pavar\u00ebsisht se interesat strategjike t\u00eb SHBA-s\u00eb p\u00ebr Arktikun mund t\u00eb ishin shum\u00eb t\u00eb m\u00ebdha dhe Danimarka mund t\u00eb p\u00ebrfitonte shum\u00eb n\u00eb planin financiar dhe ekonomik; Rusia nuk toleron oreksin e Kin\u00ebs p\u00ebr t\u00eb shfryt\u00ebzuar hap\u00ebsirat e Siberis\u00eb, pavar\u00ebsisht se ekonomikisht t\u00eb dy vendet mund t\u00eb p\u00ebrfitojn\u00eb.<\/p>\n<p>Vet\u00ebm Rilindja n\u00eb Tiran\u00eb nuk p\u00ebrkrah \u00e7\u00ebshtjen e saj komb\u00ebtare p\u00ebr t\u00eb bashk\u00ebrenduar politik\u00ebn e saj me Kosov\u00ebn. M\u00eb s\u00eb paku zoti Rama duhet t\u00eb insistonte p\u00ebr njohjen e sovranitetit t\u00eb Kosov\u00ebs nga Serbia n\u00eb Novi Sad p\u00ebrpara se t\u00eb pranohej nj\u00eb iniciativ\u00eb \u2018q\u00eb mund\u00ebsonte kat\u00ebr lirit\u00eb europiane\u2019.<\/p>\n<p>S\u00eb gjashti, ky projekt v\u00eb n\u00eb rrezik sistemin e siguris\u00eb n\u00eb Ballkanin Per\u00ebndimor dhe rritjen e penetrimit t\u00eb individ\u00ebve dhe grupimeve anti-NATO n\u00ebp\u00ebrmjet ekspansionit serb n\u00eb Ballkanin Per\u00ebndimor. Iniciativa Open Balkans po shitet si nj\u00eb iniciativ\u00eb q\u00eb p\u00ebrkrahet nga per\u00ebndimi. N\u00eb fakt per\u00ebndimi p\u00ebr retorik\u00eb nuk mund t\u00eb dal\u00eb kund\u00ebr iniciativave q\u00eb vet\u00eb ata kan\u00eb propozuar p\u00ebr integrim rajonal dhe n\u00eb respekt t\u00eb sovranitetit t\u00eb vendeve ballkanike. Por kjo inisiativ\u00eb q\u00eb nuk ka rregullat e BE-s\u00eb dhe \u00ebsht\u00eb e shtyr\u00eb nga influencat e fuqive jo europiane, si Euro-Azia dhe Kina, duket m\u00eb tep\u00ebr si nj\u00eb vrim\u00eb e zez\u00eb q\u00eb do t\u00eb sjell\u00eb gjithmon\u00eb e m\u00eb tep\u00ebr destabilitet n\u00eb Ballkanin Per\u00ebndimor. P\u00ebr m\u00eb tep\u00ebr q\u00eb regjimet autoritare e t\u00eb korruptuara t\u00eb Ballkanit Per\u00ebndimor jan\u00eb t\u00eb afta t\u00eb p\u00ebrqafojn\u00eb alternativa t\u00eb tjera (sindromi Duterte i Filipines q\u00eb nj\u00eb vend pro-amerikan e kthen drejt Kin\u00ebs). <\/p>\n<p>At\u00ebher\u00eb do t\u00eb jet\u00eb von\u00eb p\u00ebr popujt e Ballkanit q\u00eb aspirojn\u00eb integrimin Euro-Atlantik.<\/p>\n<p>Thelbi i politik\u00ebs s\u00eb jashtme s\u00eb zotit Rama \u00ebsht\u00eb vet\u00ebm interesi i tij dhe shfaqjet e deliranc\u00ebs s\u00eb nj\u00eb lideri global, ashtu si\u00e7 e p\u00ebrk\u00ebdhel Vu\u00e7i\u00e7. Aq i jan\u00eb z\u00ebn\u00eb syt\u00eb nga politikat e \u2018hapura\u2019 dhe aleancat me Serbin\u00eb sa edhe inisiativat e Presidentit Erodan p\u00ebr nj\u00eb bashk\u00ebrendim me SHBA-n\u00eb p\u00ebr t\u00eb rritur njohjen e Kosov\u00ebs n\u00eb aren\u00ebn nd\u00ebrkomb\u00ebtare nuk e v\u00eb n\u00eb l\u00ebvizje por e kalon n\u00eb heshtje. N\u00eb vend q\u00eb t\u00eb loboj\u00eb si per\u00ebndimi p\u00ebr zgjidhjen p\u00ebrfundimtare t\u00eb konfliktit midis Kosov\u00ebs dhe Serbis\u00eb p\u00ebr njohje reciproke n\u00eb vendet europiane dhe n\u00eb NATO ai \u00ebsht\u00eb i angazhuar p\u00ebr ecjen p\u00ebrpara t\u00eb asaj q\u00eb lobist\u00ebt serb\u00eb e quajn\u00eb EU-goslavia.<\/p>\n<p>Shqip\u00ebria nuk mund t\u00eb ket\u00eb nj\u00eb lider t\u00eb till\u00eb. <\/p>\n","protected":false},"excerpt":{"rendered":"<p>Nga Agim Nesho \u00c7do popull ka qeverin\u00eb q\u00eb meriton. Kjo shprehje t\u00eb krijon nj\u00eb ndjenj\u00eb trishtimi p\u00ebr t\u00eb gjith\u00eb ata q\u00eb gjykojn\u00eb qeverisjen e vendit t\u00eb tyre por edhe nj\u00eb moment ngush\u00ebllimi p\u00ebr pamund\u00ebsin\u00eb e ndryshimit t\u00eb gj\u00ebrave. T\u00eb shtypur n\u00eb karakter dhe me ADN t\u00eb ndryshuar nga perandorit\u00eb q\u00eb na kan\u00eb pushtuar por edhe [&hellip;]<\/p>\n","protected":false},"author":2031,"featured_media":197504,"comment_status":"closed","ping_status":"closed","sticky":false,"template":"","format":"standard","meta":{"footnotes":""},"categories":[1],"tags":[],"class_list":{"0":"post-197503","1":"post","2":"type-post","3":"status-publish","4":"format-standard","5":"has-post-thumbnail","7":"category-uncategorized-sq"},"_links":{"self":[{"href":"https:\/\/zjarr.tv\/sq\/wp-json\/wp\/v2\/posts\/197503","targetHints":{"allow":["GET"]}}],"collection":[{"href":"https:\/\/zjarr.tv\/sq\/wp-json\/wp\/v2\/posts"}],"about":[{"href":"https:\/\/zjarr.tv\/sq\/wp-json\/wp\/v2\/types\/post"}],"author":[{"embeddable":true,"href":"https:\/\/zjarr.tv\/sq\/wp-json\/wp\/v2\/users\/2031"}],"replies":[{"embeddable":true,"href":"https:\/\/zjarr.tv\/sq\/wp-json\/wp\/v2\/comments?post=197503"}],"version-history":[{"count":0,"href":"https:\/\/zjarr.tv\/sq\/wp-json\/wp\/v2\/posts\/197503\/revisions"}],"wp:featuredmedia":[{"embeddable":true,"href":"https:\/\/zjarr.tv\/sq\/wp-json\/wp\/v2\/media\/197504"}],"wp:attachment":[{"href":"https:\/\/zjarr.tv\/sq\/wp-json\/wp\/v2\/media?parent=197503"}],"wp:term":[{"taxonomy":"category","embeddable":true,"href":"https:\/\/zjarr.tv\/sq\/wp-json\/wp\/v2\/categories?post=197503"},{"taxonomy":"post_tag","embeddable":true,"href":"https:\/\/zjarr.tv\/sq\/wp-json\/wp\/v2\/tags?post=197503"}],"curies":[{"name":"wp","href":"https:\/\/api.w.org\/{rel}","templated":true}]}}