{"id":197514,"date":"2021-08-14T10:17:39","date_gmt":"2021-08-14T08:17:39","guid":{"rendered":"https:\/\/zjarr.tv\/?p=197514"},"modified":"2021-08-14T10:17:39","modified_gmt":"2021-08-14T08:17:39","slug":"po-planifikonin-vrasjen-e-disa-prokuroreve-arrestime-te-bujshme-ne-malin-e-zi-ne-klanin-rival-te-vucicit","status":"publish","type":"post","link":"https:\/\/zjarr.tv\/sq\/po-planifikonin-vrasjen-e-disa-prokuroreve-arrestime-te-bujshme-ne-malin-e-zi-ne-klanin-rival-te-vucicit\/","title":{"rendered":"Po planifikonin vrasjen e disa prokuror\u00ebve\/ Arrestime t\u00eb bujshme n\u00eb Malin e Zi n\u00eb klanin rival t\u00eb \u2018Vu\u00e7i\u00e7it\u2019"},"content":{"rendered":"<p>Mediat n\u00eb rajon raportojn\u00eb p\u00ebr nj\u00eb val\u00eb arrestimesh n\u00eb Malin e Zi t\u00eb personave q\u00eb dyshoheshin se kishin n\u00eb plan t\u00eb vrisnin disa zyrtar\u00eb publik\u00eb.<\/p>\n<p>Urdh\u00ebri i arrestit \u00ebsht\u00eb dh\u00ebn\u00eb nga Zyra e Prokurorit Special t\u00eb Shtetit cituar nga televizioni shtet\u00ebror malazez.<\/p>\n<p>Sipas gazet\u00ebs \u201cVijesti\u201d personat e arrestuar jan\u00eb pjes\u00eb e nj\u00eb grupi t\u00eb af\u00ebrt me klanin Skaljar, q\u00eb u vu n\u00ebn akuz\u00eb para disa dit\u00ebsh nga presidenti serb, Aleksander Vu\u00e7i\u00e7, si p\u00ebrgjegj\u00ebs p\u00ebr disa vrasje.<\/p>\n<p>Milan Brajovic nga Danilovgradi, Zoarn Perovic dhe Dusan Boljevic nga Podgorica, Nino Korac nga Berane, Aleksandar Roncevic dhe Stefan Micic nga Bari nd\u00ebrkoh\u00eb q\u00eb \u00ebsht\u00eb shpallur n\u00eb k\u00ebrkim intensiv nj\u00eb person me rezidenc\u00eb n\u00eb Kotorr.<\/p>\n<p>Dy an\u00ebtar\u00eb t\u00eb band\u00ebs, Stefan Djukic dhe Emil Tuzovic ndodhen n\u00eb nj\u00eb burg ukrainas p\u00ebr tentativ\u00eb vrasjeje.<\/p>\n<p>Objektivi i grupit p\u00ebr momentin ishte gjyqtarja Biljana Uskokovic q\u00eb aktualisht drejton nj\u00eb hetim kund\u00ebr Stefan Djukic, n\u00ebn akuz\u00eb p\u00ebr vrasje dhe tentativ\u00eb vrasjeje, nd\u00ebrkoh\u00eb q\u00eb sh\u00ebnjestra t\u00eb tjera mendohet se kan\u00eb qen\u00eb Shefi i Prokuroris\u00eb Speciale, Milivoje Katnic, Prokurori Sasa Cadjenovic, ish-ndihm\u00ebs drejtori i Policis\u00eb, Zoran Lazovic, djali i tij Petar q\u00eb punon n\u00eb Sh\u00ebrbimin Sekret malazez.<\/p>\n","protected":false},"excerpt":{"rendered":"<p>Mediat n\u00eb rajon raportojn\u00eb p\u00ebr nj\u00eb val\u00eb arrestimesh n\u00eb Malin e Zi t\u00eb personave q\u00eb dyshoheshin se kishin n\u00eb plan t\u00eb vrisnin disa zyrtar\u00eb publik\u00eb. Urdh\u00ebri i arrestit \u00ebsht\u00eb dh\u00ebn\u00eb nga Zyra e Prokurorit Special t\u00eb Shtetit cituar nga televizioni shtet\u00ebror malazez. Sipas gazet\u00ebs \u201cVijesti\u201d personat e arrestuar jan\u00eb pjes\u00eb e nj\u00eb grupi t\u00eb af\u00ebrt [&hellip;]<\/p>\n","protected":false},"author":2031,"featured_media":197515,"comment_status":"closed","ping_status":"closed","sticky":false,"template":"","format":"standard","meta":{"footnotes":""},"categories":[231],"tags":[],"class_list":{"0":"post-197514","1":"post","2":"type-post","3":"status-publish","4":"format-standard","5":"has-post-thumbnail","7":"category-lajme"},"_links":{"self":[{"href":"https:\/\/zjarr.tv\/sq\/wp-json\/wp\/v2\/posts\/197514","targetHints":{"allow":["GET"]}}],"collection":[{"href":"https:\/\/zjarr.tv\/sq\/wp-json\/wp\/v2\/posts"}],"about":[{"href":"https:\/\/zjarr.tv\/sq\/wp-json\/wp\/v2\/types\/post"}],"author":[{"embeddable":true,"href":"https:\/\/zjarr.tv\/sq\/wp-json\/wp\/v2\/users\/2031"}],"replies":[{"embeddable":true,"href":"https:\/\/zjarr.tv\/sq\/wp-json\/wp\/v2\/comments?post=197514"}],"version-history":[{"count":0,"href":"https:\/\/zjarr.tv\/sq\/wp-json\/wp\/v2\/posts\/197514\/revisions"}],"wp:featuredmedia":[{"embeddable":true,"href":"https:\/\/zjarr.tv\/sq\/wp-json\/wp\/v2\/media\/197515"}],"wp:attachment":[{"href":"https:\/\/zjarr.tv\/sq\/wp-json\/wp\/v2\/media?parent=197514"}],"wp:term":[{"taxonomy":"category","embeddable":true,"href":"https:\/\/zjarr.tv\/sq\/wp-json\/wp\/v2\/categories?post=197514"},{"taxonomy":"post_tag","embeddable":true,"href":"https:\/\/zjarr.tv\/sq\/wp-json\/wp\/v2\/tags?post=197514"}],"curies":[{"name":"wp","href":"https:\/\/api.w.org\/{rel}","templated":true}]}}