{"id":197519,"date":"2021-08-14T10:24:47","date_gmt":"2021-08-14T08:24:47","guid":{"rendered":"https:\/\/zjarr.tv\/?p=197519"},"modified":"2021-08-14T10:24:47","modified_gmt":"2021-08-14T08:24:47","slug":"ylli-manjani-te-pakten-tia-kishin-dhene-shansin-shqiptareve-qe-te-shprehnin-humanizmin-edhe-ne-kete-rast","status":"publish","type":"post","link":"https:\/\/zjarr.tv\/sq\/ylli-manjani-te-pakten-tia-kishin-dhene-shansin-shqiptareve-qe-te-shprehnin-humanizmin-edhe-ne-kete-rast\/","title":{"rendered":"Ylli Manjani: T\u00eb pakt\u00ebn t\u2019ia kishin dh\u00ebn\u00eb shansin shqiptar\u00ebve q\u00eb t\u00eb shprehnin humanizmin edhe n\u00eb k\u00ebt\u00eb rast!"},"content":{"rendered":"<p>Ish-ministri i Drejt\u00ebsis\u00eb Ylli Manjani, n\u00eb nj\u00eb analiz\u00eb shifrash p\u00ebr luft\u00ebn me Afganistanin.<\/p>\n<p>Amerika q\u00eb ka shpenzuar 2.261 trilion dollar\u00eb p\u00ebr luft\u00eb kund\u00ebr taleban\u00ebve dhe ku humbi rreth 180 000 njer\u00ebz atje, nuk paska sot nj\u00eb vendstrehim t\u00eb p\u00ebrkohsh\u00ebm n\u00eb nj\u00eb shtet kufitar me Afganistanin p\u00ebr t\u00eb strehuar bashk\u00ebpun\u00ebtor\u00ebt e saj?!<\/p>\n<p>E meq\u00eb nuk ka atje, REUTER thot\u00eb se Amerika po k\u00ebrkon vend n\u00eb Shqip\u00ebri.<br \/>\nNuk paska Amerika nj\u00eb shtet aleat m\u00eb t\u00eb kamur q\u00eb ta ndihmonte m\u00eb mir\u00eb n\u00eb k\u00ebt\u00eb p\u00ebrpjekje, por Shqip\u00ebria e Kosova i paskan mbetur?!<\/p>\n<p>Shum\u00eb \u00e7udi!<\/p>\n<p>Jam i bindur q\u00eb qeveria jon\u00eb do ta pranoj\u00eb strehimin e p\u00ebrkohsh\u00ebm t\u00eb tyre jo p\u00ebr humaniz\u00ebm, por p\u00ebr politik\u00eb.<\/p>\n<p>Dmth p\u00ebr k\u00ebto deklarimet qesim q\u00eb k\u00ebput zonja Kim e ndonj\u00ebher\u00eb edhe zoti Palmer. \u00cbsht\u00eb komode t\u00eb sundosh n\u00eb vendin t\u00ebnd me deklarata nga t\u00eb huajt\u2026 Aq m\u00eb tep\u00ebr n\u00eb nj\u00eb shoq\u00ebri q\u00eb vijon t\u00eb jetoj\u00eb me lajmet e faqes 4 t\u00eb Z\u00ebrit t\u00eb Popullit\u2026!!! <\/p>\n<p>T\u00eb pakt\u00ebn t\u2019ia kishin dh\u00ebn\u00eb shansin shqiptar\u00ebve q\u00eb t\u00eb shprehnin humanizmin edhe n\u00eb k\u00ebt\u00eb rast!<\/p>\n<p>Shqiptar\u00ebt pranojn\u00eb t\u00eb hapin dyert e shtetit t\u00eb tyre pa asnj\u00eb paragjykim, por qeveria i keqp\u00ebrfaq\u00ebson. <\/p>\n<p>I prezanton ata shum\u00eb cheap!!!<\/p>\n<p>Nejse, prap nj\u00eb gj\u00eb nuk e kuptoj: <\/p>\n<p>Tek i v\u00ebn\u00eb n\u00eb avion\u00eb p\u00ebr t\u2019i nxjerr\u00eb nga Afganistani, p\u00ebrse nuk i \u00e7ojn\u00eb direkt n\u00eb Amerik\u00eb?! Atje i kan\u00eb shum\u00eb kollaj ti pajisin me dokumentacion dhe me shum\u00eb m\u00eb pak shpenzime\u2026\ud83e\udd14 I trajtojn\u00eb edhe me dinjitet.<\/p>\n<p>Apo eficens\u00eb Amerikane\u2026<\/p>\n<p>#oreSaliuekafajin\u2026<\/p>\n","protected":false},"excerpt":{"rendered":"<p>Ish-ministri i Drejt\u00ebsis\u00eb Ylli Manjani, n\u00eb nj\u00eb analiz\u00eb shifrash p\u00ebr luft\u00ebn me Afganistanin. Amerika q\u00eb ka shpenzuar 2.261 trilion dollar\u00eb p\u00ebr luft\u00eb kund\u00ebr taleban\u00ebve dhe ku humbi rreth 180 000 njer\u00ebz atje, nuk paska sot nj\u00eb vendstrehim t\u00eb p\u00ebrkohsh\u00ebm n\u00eb nj\u00eb shtet kufitar me Afganistanin p\u00ebr t\u00eb strehuar bashk\u00ebpun\u00ebtor\u00ebt e saj?! E meq\u00eb nuk ka [&hellip;]<\/p>\n","protected":false},"author":2031,"featured_media":187494,"comment_status":"closed","ping_status":"closed","sticky":false,"template":"","format":"standard","meta":{"footnotes":""},"categories":[231],"tags":[],"class_list":{"0":"post-197519","1":"post","2":"type-post","3":"status-publish","4":"format-standard","5":"has-post-thumbnail","7":"category-lajme"},"_links":{"self":[{"href":"https:\/\/zjarr.tv\/sq\/wp-json\/wp\/v2\/posts\/197519","targetHints":{"allow":["GET"]}}],"collection":[{"href":"https:\/\/zjarr.tv\/sq\/wp-json\/wp\/v2\/posts"}],"about":[{"href":"https:\/\/zjarr.tv\/sq\/wp-json\/wp\/v2\/types\/post"}],"author":[{"embeddable":true,"href":"https:\/\/zjarr.tv\/sq\/wp-json\/wp\/v2\/users\/2031"}],"replies":[{"embeddable":true,"href":"https:\/\/zjarr.tv\/sq\/wp-json\/wp\/v2\/comments?post=197519"}],"version-history":[{"count":0,"href":"https:\/\/zjarr.tv\/sq\/wp-json\/wp\/v2\/posts\/197519\/revisions"}],"wp:featuredmedia":[{"embeddable":true,"href":"https:\/\/zjarr.tv\/sq\/wp-json\/wp\/v2\/media\/187494"}],"wp:attachment":[{"href":"https:\/\/zjarr.tv\/sq\/wp-json\/wp\/v2\/media?parent=197519"}],"wp:term":[{"taxonomy":"category","embeddable":true,"href":"https:\/\/zjarr.tv\/sq\/wp-json\/wp\/v2\/categories?post=197519"},{"taxonomy":"post_tag","embeddable":true,"href":"https:\/\/zjarr.tv\/sq\/wp-json\/wp\/v2\/tags?post=197519"}],"curies":[{"name":"wp","href":"https:\/\/api.w.org\/{rel}","templated":true}]}}