{"id":197532,"date":"2021-08-14T11:46:11","date_gmt":"2021-08-14T09:46:11","guid":{"rendered":"https:\/\/zjarr.tv\/?p=197532"},"modified":"2021-08-14T11:46:11","modified_gmt":"2021-08-14T09:46:11","slug":"njeriu-pa-kombin-eshte-asgje-e-kombi-pa-brezat-e-ardhshem-shuhet-meta-kujton-hasan-prishtinen-shqiperia-po-vuan-nga-shpopullimi-detyra-jone-ti-kthejme-rinise-shpresen","status":"publish","type":"post","link":"https:\/\/zjarr.tv\/sq\/njeriu-pa-kombin-eshte-asgje-e-kombi-pa-brezat-e-ardhshem-shuhet-meta-kujton-hasan-prishtinen-shqiperia-po-vuan-nga-shpopullimi-detyra-jone-ti-kthejme-rinise-shpresen\/","title":{"rendered":"\u201cNjeriu pa kombin \u00ebsht\u00eb asgj\u00eb, e kombi pa brezat e ardhsh\u00ebm shuhet\u201d, Meta kujton Hasan Prishtin\u00ebn: Shqip\u00ebria po vuan nga shpopullimi, detyra jon\u00eb t\u2019i kthejm\u00eb rinis\u00eb shpres\u00ebn"},"content":{"rendered":"<p>Presidenti i Republik\u00ebs Ilir Meta ka kujtuar n\u00eb 88-vjetorin e vdekjes patriotin e madh Hasan Prishtina.<\/p>\n<p>Kreu i Shtetit citon Hasan Prishtin\u00ebn teksa duke e risjell n\u00eb koh\u00eb mesazhin e tij, deklaron se sot kur Shqip\u00ebria vuan plag\u00ebn e madhe t\u00eb shpopullimit \u00ebsht\u00eb detyra jon\u00eb t\u2019i kthejm\u00eb rinis\u00eb shpres\u00ebn.<\/p>\n<p>MESAZHI I MET\u00cbS<\/p>\n<p>\u201cNjeriu pa kombin \u00ebsht\u00eb asgj\u00eb, e kombi pa brezat e ardhsh\u00ebm shuhet\u201d.<br \/>\nI vrar\u00eb pabesisht 88 vite m\u00eb par\u00eb, kjo th\u00ebnie e kolosit t\u00eb politik\u00ebs dhe \u00e7\u00ebshtjes shqiptare, patriotit t\u00eb paharruar Hasan Prishtina, \u00ebsht\u00eb m\u00eb aktuale se kurr\u00eb.<\/p>\n<p>Sot kur Shqip\u00ebria vuan plag\u00ebn e madhe t\u00eb shpopullimit \u00ebsht\u00eb detyra jon\u00eb t\u2019i kthejm\u00eb rinis\u00eb shpres\u00ebn dhe besimin p\u00ebr nd\u00ebrtimin e s\u00eb ardhmes s\u00eb sigurt europiane n\u00eb Atdhe.<\/p>\n","protected":false},"excerpt":{"rendered":"<p>Presidenti i Republik\u00ebs Ilir Meta ka kujtuar n\u00eb 88-vjetorin e vdekjes patriotin e madh Hasan Prishtina. Kreu i Shtetit citon Hasan Prishtin\u00ebn teksa duke e risjell n\u00eb koh\u00eb mesazhin e tij, deklaron se sot kur Shqip\u00ebria vuan plag\u00ebn e madhe t\u00eb shpopullimit \u00ebsht\u00eb detyra jon\u00eb t\u2019i kthejm\u00eb rinis\u00eb shpres\u00ebn. MESAZHI I MET\u00cbS \u201cNjeriu pa kombin [&hellip;]<\/p>\n","protected":false},"author":2031,"featured_media":177904,"comment_status":"closed","ping_status":"closed","sticky":false,"template":"","format":"standard","meta":{"footnotes":""},"categories":[231],"tags":[],"class_list":{"0":"post-197532","1":"post","2":"type-post","3":"status-publish","4":"format-standard","5":"has-post-thumbnail","7":"category-lajme"},"_links":{"self":[{"href":"https:\/\/zjarr.tv\/sq\/wp-json\/wp\/v2\/posts\/197532","targetHints":{"allow":["GET"]}}],"collection":[{"href":"https:\/\/zjarr.tv\/sq\/wp-json\/wp\/v2\/posts"}],"about":[{"href":"https:\/\/zjarr.tv\/sq\/wp-json\/wp\/v2\/types\/post"}],"author":[{"embeddable":true,"href":"https:\/\/zjarr.tv\/sq\/wp-json\/wp\/v2\/users\/2031"}],"replies":[{"embeddable":true,"href":"https:\/\/zjarr.tv\/sq\/wp-json\/wp\/v2\/comments?post=197532"}],"version-history":[{"count":0,"href":"https:\/\/zjarr.tv\/sq\/wp-json\/wp\/v2\/posts\/197532\/revisions"}],"wp:featuredmedia":[{"embeddable":true,"href":"https:\/\/zjarr.tv\/sq\/wp-json\/wp\/v2\/media\/177904"}],"wp:attachment":[{"href":"https:\/\/zjarr.tv\/sq\/wp-json\/wp\/v2\/media?parent=197532"}],"wp:term":[{"taxonomy":"category","embeddable":true,"href":"https:\/\/zjarr.tv\/sq\/wp-json\/wp\/v2\/categories?post=197532"},{"taxonomy":"post_tag","embeddable":true,"href":"https:\/\/zjarr.tv\/sq\/wp-json\/wp\/v2\/tags?post=197532"}],"curies":[{"name":"wp","href":"https:\/\/api.w.org\/{rel}","templated":true}]}}