{"id":197535,"date":"2021-08-14T12:38:14","date_gmt":"2021-08-14T10:38:14","guid":{"rendered":"https:\/\/zjarr.tv\/?p=197535"},"modified":"2021-08-14T12:38:14","modified_gmt":"2021-08-14T10:38:14","slug":"tenori-i-shquar-shqiptar-rames-behu-burre-njehere-ne-jete-ktheje-mbrapsht-bregovic","status":"publish","type":"post","link":"https:\/\/zjarr.tv\/sq\/tenori-i-shquar-shqiptar-rames-behu-burre-njehere-ne-jete-ktheje-mbrapsht-bregovic\/","title":{"rendered":"Tenori i shquar shqiptar, Ram\u00ebs: B\u00ebhu burr\u00eb nj\u00ebher\u00eb n\u00eb jet\u00eb, ktheje mbrapsht Bregovi\u00e7"},"content":{"rendered":"<p>Tenori i shquar nd\u00ebrkomb\u00ebtar nga Kosova, Ram\u00eb Lahaj, i \u00ebsht\u00eb bashkuar z\u00ebrave t\u00eb shumt\u00eb kund\u00ebr pjes\u00ebmarrjes s\u00eb k\u00ebng\u00ebtarit Goran Bregovi\u00e7 n\u00eb fest\u00ebn e Kor\u00e7\u00ebs.<br \/>\nLahaj I \u00ebsht\u00eb drejtuar kryeministrit t\u00eb Shqip\u00ebris\u00eb, Edi Rama me nj\u00eb let\u00ebr t\u00eb hapur ku I b\u00ebn thirrje \u2018t\u00eb b\u00ebhet burr\u00eb dhe t\u00eb kthej\u00eb pas Bregovi\u00e7in\u2019.<\/p>\n<p>\u201cZ. EdiRama po t\u00eb drejtohem n\u00eb emnin e t\u00eb gjith\u00eb kosovareve, anulo Goran Bregoviqin! Ai dhe kang\u00ebt e tij q\u00eb ishin himni i \u00e7etnik\u00ebve serb p\u00ebr t\u00eb prer\u00eb f\u00ebmij\u00ebt, nanat, motrat, v\u00ebllez\u00ebrit e baballar\u00ebt tan\u00eb nuk mund t\u2019 jene n\u00eb Shqipni p\u00ebr t\u00eb festuar n\u00eb festen e birr\u00ebs. Zgjidh ke t\u00eb duash nga artistet me mua n\u00eb krye, ani pse nuk k\u00ebndoj n\u00eb festa birrash, por po t\u00eb vij un\u00eb dhe gjith\u00eb koleget pa asnj\u00eb lloj detyrimi, me festu s\u00eb bashku me muzik\u00ebn tone t\u00eb bukur shqipe. Po jo me at\u00eb q\u00eb neve na i pren\u00eb f\u00ebmij\u00ebt n\u00eb djep\u201d, ka shkruar Lahaj.<\/p>\n<p>Ai ka th\u00ebn\u00eb poashtu se Shqip\u00ebris\u00eb nuk i ka hije t\u00eb b\u00ebj\u00eb das\u00ebm me dajre t\u00eb \u00e7etnik\u00ebve.<\/p>\n<p>\u201cTregohu burr\u00eb nji here n\u00eb jet\u00eb e mos na l\u00ebndo ma shum\u00eb. Mos na i qit krip plag\u00ebs. Un\u00eb jam vet artist, e misioni i artistit \u00ebsht\u00eb me ndjell\u00eb paqe p\u00ebrmes artit, por ky rast asht krejt ndryshe dhe ju e dini pse! E sa i p\u00ebrket renditjes se kush erdh i pari e kush i mrami kur Shqipnin\u00eb e dridhi t\u00ebrmeti, n\u2019 ket\u00eb pun\u00eb renditja asht krejt e pa ransishme! Shipnija asht bo sofra e shtrati jone at \u2018here kur \u00e7etniket serb me kang\u00ebt e Goranit na i ka permys e djeg\u00eb shpiat e baballar\u00ebve. Mos i rafte kurr\u00eb Shipnis\u00eb me u provu n\u00eb t\u00eb keq, se t\u2019 madh e t\u2019 vog\u00ebl aty na ka. T\u2019 paret!  Thuaj jo Bregoviqit z. Kryeminist\u00ebr!Shipnis\u00eb nuk i ka hije me bo dasem me dajre t\u2019 \u00e7etnik\u00ebve\u201d, ka shkruar ai.<\/p>\n","protected":false},"excerpt":{"rendered":"<p>Tenori i shquar nd\u00ebrkomb\u00ebtar nga Kosova, Ram\u00eb Lahaj, i \u00ebsht\u00eb bashkuar z\u00ebrave t\u00eb shumt\u00eb kund\u00ebr pjes\u00ebmarrjes s\u00eb k\u00ebng\u00ebtarit Goran Bregovi\u00e7 n\u00eb fest\u00ebn e Kor\u00e7\u00ebs. Lahaj I \u00ebsht\u00eb drejtuar kryeministrit t\u00eb Shqip\u00ebris\u00eb, Edi Rama me nj\u00eb let\u00ebr t\u00eb hapur ku I b\u00ebn thirrje \u2018t\u00eb b\u00ebhet burr\u00eb dhe t\u00eb kthej\u00eb pas Bregovi\u00e7in\u2019. \u201cZ. EdiRama po t\u00eb drejtohem [&hellip;]<\/p>\n","protected":false},"author":2031,"featured_media":197536,"comment_status":"closed","ping_status":"closed","sticky":false,"template":"","format":"standard","meta":{"footnotes":""},"categories":[231],"tags":[],"class_list":{"0":"post-197535","1":"post","2":"type-post","3":"status-publish","4":"format-standard","5":"has-post-thumbnail","7":"category-lajme"},"_links":{"self":[{"href":"https:\/\/zjarr.tv\/sq\/wp-json\/wp\/v2\/posts\/197535","targetHints":{"allow":["GET"]}}],"collection":[{"href":"https:\/\/zjarr.tv\/sq\/wp-json\/wp\/v2\/posts"}],"about":[{"href":"https:\/\/zjarr.tv\/sq\/wp-json\/wp\/v2\/types\/post"}],"author":[{"embeddable":true,"href":"https:\/\/zjarr.tv\/sq\/wp-json\/wp\/v2\/users\/2031"}],"replies":[{"embeddable":true,"href":"https:\/\/zjarr.tv\/sq\/wp-json\/wp\/v2\/comments?post=197535"}],"version-history":[{"count":0,"href":"https:\/\/zjarr.tv\/sq\/wp-json\/wp\/v2\/posts\/197535\/revisions"}],"wp:featuredmedia":[{"embeddable":true,"href":"https:\/\/zjarr.tv\/sq\/wp-json\/wp\/v2\/media\/197536"}],"wp:attachment":[{"href":"https:\/\/zjarr.tv\/sq\/wp-json\/wp\/v2\/media?parent=197535"}],"wp:term":[{"taxonomy":"category","embeddable":true,"href":"https:\/\/zjarr.tv\/sq\/wp-json\/wp\/v2\/categories?post=197535"},{"taxonomy":"post_tag","embeddable":true,"href":"https:\/\/zjarr.tv\/sq\/wp-json\/wp\/v2\/tags?post=197535"}],"curies":[{"name":"wp","href":"https:\/\/api.w.org\/{rel}","templated":true}]}}