{"id":197542,"date":"2021-08-14T12:45:44","date_gmt":"2021-08-14T10:45:44","guid":{"rendered":"https:\/\/zjarr.tv\/?p=197542"},"modified":"2021-08-14T12:45:44","modified_gmt":"2021-08-14T10:45:44","slug":"shkrimi-i-plote-ja-si-shba-po-planifikon-te-sjelle-ne-shqiperi-dhe-kosove-afganet-qe-largohen-nga-lufta","status":"publish","type":"post","link":"https:\/\/zjarr.tv\/sq\/shkrimi-i-plote-ja-si-shba-po-planifikon-te-sjelle-ne-shqiperi-dhe-kosove-afganet-qe-largohen-nga-lufta\/","title":{"rendered":"Shkrimi i plot\u00eb \/ Ja si SHBA po planifikon t\u00eb sjell\u00eb n\u00eb Shqip\u00ebri dhe Kosov\u00eb afgan\u00ebt q\u00eb largohen nga lufta"},"content":{"rendered":"<p>WASHINGTON (Reuters) -Administrata e Presidentit Joe Biden ka zhvilluar bisedime sekrete me m\u00eb shum\u00eb vende sesa njiheshin m\u00eb par\u00eb n\u00eb nj\u00eb p\u00ebrpjekje t\u00eb d\u00ebshp\u00ebruar p\u00ebr t\u00eb siguruar marr\u00ebveshje p\u00ebr t\u00eb strehuar p\u00ebrkoh\u00ebsisht afgan\u00ebt n\u00eb rrezik q\u00eb punonin p\u00ebr qeverin\u00eb amerikane, than\u00eb kat\u00ebr zyrtar\u00eb amerikan\u00eb p\u00ebr Reuters.<\/p>\n<p>Diskutimet e pa raportuara m\u00eb par\u00eb me vende t\u00eb tilla si Kosova dhe Shqip\u00ebria n\u00ebnvizojn\u00eb d\u00ebshir\u00ebn e administrat\u00ebs p\u00ebr t\u00eb mbrojtur afgan\u00ebt e lidhur me SHBA-t\u00eb nga hakmarrjet talebane  derisa t\u00eb p\u00ebrfundoj\u00eb procesi i miratimit t\u00eb vizave t\u00eb tyre amerikane.<br \/>\nMe taliban\u00ebt q\u00eb po marrin kontrollin e tyre n\u00eb Afganistan me nj\u00eb rit\u00ebm trondit\u00ebs dhe t\u00eb shpejt\u00eb, Shtetet e Bashkuara njoftuan t\u00eb enjten se do t\u00eb d\u00ebrgojn\u00eb 1.000 personel n\u00eb Katar p\u00ebr t\u00eb p\u00ebrshpejtuar p\u00ebrpunimin e aplikimeve p\u00ebr Vizat Speciale t\u00eb Imigrimit (SIV).<\/p>\n<p>Afgan\u00ebt q\u00eb sh\u00ebrbyen si p\u00ebrkthyes p\u00ebr qeverin\u00eb amerikane dhe n\u00eb pun\u00eb t\u00eb tjera kan\u00eb t\u00eb drejt\u00eb t\u00eb aplikojn\u00eb p\u00ebr programin SIV.<\/p>\n<p>Deri m\u00eb tani rreth 1200 afgan\u00eb jan\u00eb evakuuar n\u00eb Shtetet e Bahskuara dhe ky num\u00ebr do t\u00eb rritet n\u00eb 3500 n\u00eb jav\u00ebt e ardhshme n\u00ebn \u2018Operacioni i Aleta\u00ebve Refugjat\u00eb\u2019 nj\u00eb pjes\u00eb e t\u00eb cil\u00ebve do t\u00eb shkojn\u00eb n\u00eb nj\u00eb baz\u00eb ushtarake amerikane n\u00eb Virxhinia p\u00ebr t\u00eb p\u00ebrfunduar dokumentet e tyre.<\/p>\n<p>Nga frika se p\u00ebrparimet e taleban\u00ebve po rrisin k\u00ebrc\u00ebnimin p\u00ebr aplikant\u00ebt e SIV q\u00eb jan\u00eb ende n\u00eb pritje t\u00eb p\u00ebrpunimit, Uashingtoni po k\u00ebrkon vendet e treta q\u00eb t&#8217;i presin ata derisa t\u00eb mbarojn\u00eb dokumentet e tyre dhe ata t\u00eb mund t\u00eb fluturojn\u00eb p\u00ebr n\u00eb Shtetet e Bashkuara.<\/p>\n<p>&#8220;\u00cbsht\u00eb shum\u00eb shqet\u00ebsuese q\u00eb nuk ka ndonj\u00eb plan konkret p\u00ebr evakuimin e aleat\u00ebve t\u00eb cil\u00ebt jan\u00eb qart\u00eb n\u00eb rrezik,&#8221; tha Krish O&#8217;Mara Vignarajah, presidente i organizat\u00ebs  s\u00eb Sh\u00ebrbimit Ligjor t\u00eb Emigrimit dhe Refugjat\u00ebve.<\/p>\n<p>&#8221;\u00cbsht\u00eb befasuese pse administrat\u00ebs i \u00ebsht\u00eb dashur kaq shum\u00eb koh\u00eb p\u00ebr t\u00eb siguruar k\u00ebto marr\u00ebvedhje&#8221; tha ajo.<\/p>\n<p>Nd\u00ebrsa ende nuk ka marr\u00ebveshje me vendet e treta nj\u00eb z\u00ebdh\u00ebn\u00ebs i Departamentit t\u00eb Shtetit tha: Ne po vler\u00ebsojm\u00eb t\u00eb gjitha opsionet n\u00eb dispozicion<\/p>\n<p>Shtetet hezitojn\u00eb<\/p>\n<p>Dy zyrtar\u00eb amerikan\u00eb, duke folur n\u00eb kushte anonimiteti u shpreh\u00ebn se vendet ishin n\u00eb m\u00ebdyshje p\u00ebr t\u00eb marr\u00eb afgan\u00eb p\u00ebr shkak t\u00eb shqet\u00ebsimeve n\u00eb lidhje me cil\u00ebsin\u00eb e verifikimit t\u00eb siguris\u00eb dhe kontrollit sh\u00ebndet\u00ebsor p\u00ebr COVID-19 para se t\u00eb lejoheshin t\u00eb fluturonin.<\/p>\n<p>Administrata e Biden po negocion me Kazakistanin, Taxhikistanin dhe Uzbekistanin q\u00eb ta marrin mij\u00ebra aplikant\u00eb, por kjo p\u00ebrpjekje ka b\u00ebr\u00eb pak p\u00ebrparim.<\/p>\n<p>&#8220;Ka shqet\u00ebsime: &#8216;Kush jan\u00eb k\u00ebta njer\u00ebz? A mund t\u00eb siguroheni q\u00eb k\u00ebta njer\u00ebz do t\u00eb marrin viza p\u00ebr n\u00eb Shtetet e Bashkuara? Kush do t\u00eb kujdeset dhe ushqej\u00eb k\u00ebta njer\u00ebz. \u00c7far\u00eb ndodh n\u00ebse k\u00ebta njer\u00ebz largohen nga ky objekt ku i keni? \u201d tha nj\u00eb zyrtar i lart\u00eb i Departamentit t\u00eb Shtetit.<\/p>\n<p>Zyrtari nuk pranoi t\u00eb konfirmoj\u00eb vendet n\u00eb bisedimet me Shtetet e Bashkuara.<\/p>\n<p>Nj\u00eb marr\u00ebveshje p\u00ebr strehimin e rreth 8,000 afgan\u00ebve n\u00eb Katar, e cila pret nj\u00eb baz\u00eb t\u00eb madhe ushtarake amerikane, ka qen\u00eb e mbyllur p\u00ebr jav\u00eb t\u00eb t\u00ebra, tha nj\u00eb zyrtar i dyt\u00eb amerikan dhe nj\u00eb person tjet\u00ebr i njohur me k\u00ebt\u00eb \u00e7\u00ebshtje, por nj\u00eb marr\u00ebveshje zyrtare ende nuk \u00ebsht\u00eb shpallur.<\/p>\n<p>Zyrtar\u00ebt paralajm\u00ebrojn\u00eb se ritmi i \u00e7do marr\u00ebveshjeje t\u00eb mundshme mund t\u00eb pengohet nga situata n\u00eb Afganistan q\u00eb ndryshon me shpejt\u00ebsi.<\/p>\n<p>P\u00ebrfaq\u00ebsuesi amerikan Jason Crow, i cili ka udh\u00ebhequr p\u00ebrpjekjet e Kongresit p\u00ebr t\u00eb shpejtuar p\u00ebrpunimin e SIV, tha se administrata duhet t\u00eb p\u00ebrdor\u00eb nj\u00eb vendosje t\u00eb p\u00ebrkohshme t\u00eb trupave amerikane n\u00eb aeroportin e Kabulit p\u00ebr t\u00ebrheqjen e stafit t\u00eb ambasad\u00ebs p\u00ebr t\u00eb p\u00ebrshpejtuar evakuimet e aplikant\u00ebve SIV, pavar\u00ebsisht n\u00ebse ka nj\u00eb marr\u00ebveshje me nj\u00eb vend t\u00eb tret\u00eb.<\/p>\n<p>N\u00eb t\u00eb nj\u00ebjt\u00ebn koh\u00eb, Crow, nj\u00eb ish Ranger i Ushtris\u00eb q\u00eb sh\u00ebrbeu n\u00eb Afganistan, tha se \u00ebsht\u00eb shum\u00eb e v\u00ebshtir\u00eb t\u00eb evakuohen shum\u00eb aplikant\u00eb t\u00eb SIV dhe familjet e tyre sepse ata nuk mund t\u00eb arrijn\u00eb n\u00eb Kabul.<\/p>\n<p>&#8220;N\u00ebse nuk jan\u00eb tashm\u00eb n\u00eb perimetrin e siguris\u00eb n\u00eb Kabul, arritja atje \u00ebsht\u00eb shum\u00eb, shum\u00eb e v\u00ebshtir\u00eb,&#8221; tha ai p\u00ebr Reuters. &#8220;Ky \u00ebsht\u00eb nj\u00eb realitet i v\u00ebshtir\u00eb.&#8221;<\/p>\n<p>Ngurrimi i disa vendeve ka b\u00ebr\u00eb q\u00eb administrata t\u00eb apeloj\u00eb tek t\u00eb tjer\u00ebt q\u00eb mund t\u00eb jen\u00eb t\u00eb gatsh\u00ebm t\u00eb ndihmojn\u00eb n\u00ebse Uashingtoni jep nj\u00eb ndihm\u00eb, than\u00eb zyrtar\u00ebt.<\/p>\n<p>Shtetet e Bashkuara i kan\u00eb ofruar Kosov\u00ebs koncesione ekonomike dhe politike p\u00ebr marrjen e disa mij\u00ebra afgan\u00ebve, por ka shqet\u00ebsim n\u00eb Uashington p\u00ebr aft\u00ebsin\u00eb e saj p\u00ebr t\u00eb strehuar afgan\u00ebt, than\u00eb burimet.<\/p>\n<p>1,200 afgan\u00ebt e evakuuar jan\u00eb vet\u00ebm nj\u00eb pjes\u00eb e 21,000 njer\u00ebzve t\u00eb aplikimit SIV dhe administrata e Biden \u00ebsht\u00eb ende duke luftuar p\u00ebr t\u00eb gjetur sht\u00ebpi t\u00eb p\u00ebrkohshme p\u00ebr t\u00eb evakuuarit.<\/p>\n<p>Avokat\u00ebt vler\u00ebsojn\u00eb se numri i p\u00ebrgjithsh\u00ebm t\u00eb evakuuarve sipas programit SIV  \u00ebsht\u00eb n\u00eb mes 50,000 dhe 80,000 kur p\u00ebrfshihen dhe an\u00ebtar\u00ebt e familjes.<\/p>\n<p>James Miervaldis, kryetar i bordit  t\u00eb nj\u00eb organizat\u00eb q\u00eb ndihmon aplikant\u00ebt SIV t\u00eb shkojn\u00eb n\u00eb Shtetet e Bashkuara, tha se tani duket se ka pak shanse q\u00eb shumica e aplikant\u00ebve t\u00eb SIV t\u00eb evakuohen.<\/p>\n<p>&#8220;Matematika dhe afati kohor thjesht nuk p\u00ebrputhen. Ata njer\u00ebz nuk do t\u00eb jen\u00eb n\u00eb gjendje t\u00eb largohen,&#8221; tha Miervaldis, nj\u00eb n\u00ebnoficer i Rezerv\u00ebs s\u00eb Ushtris\u00eb q\u00eb sh\u00ebrbeu n\u00eb Irak dhe Afganistan.<\/p>\n<p>\u00c7\u00ebshtja \u00ebsht\u00eb v\u00ebzhguar nga af\u00ebr nga ligjv\u00ebn\u00ebsit n\u00eb Kongres, p\u00ebrfshir\u00eb dhe aleat\u00ebt e Biden.<\/p>\n<p>&#8220;Ne duhet t\u00eb zbatojm\u00eb premtimet tona p\u00ebr mij\u00ebra afgan\u00eb q\u00eb rrezikuan jet\u00ebn e tyre p\u00ebr t\u00eb na ndihmuar. \u00cbsht\u00eb koha q\u00eb Biden (administrata) t\u00eb shkurtoj\u00eb burokracin\u00eb dhe ta b\u00ebj\u00eb k\u00ebt\u00eb, &#8220;tha kongresistja demokrate Sara Jacobs.<\/p>\n","protected":false},"excerpt":{"rendered":"<p>WASHINGTON (Reuters) -Administrata e Presidentit Joe Biden ka zhvilluar bisedime sekrete me m\u00eb shum\u00eb vende sesa njiheshin m\u00eb par\u00eb n\u00eb nj\u00eb p\u00ebrpjekje t\u00eb d\u00ebshp\u00ebruar p\u00ebr t\u00eb siguruar marr\u00ebveshje p\u00ebr t\u00eb strehuar p\u00ebrkoh\u00ebsisht afgan\u00ebt n\u00eb rrezik q\u00eb punonin p\u00ebr qeverin\u00eb amerikane, than\u00eb kat\u00ebr zyrtar\u00eb amerikan\u00eb p\u00ebr Reuters. Diskutimet e pa raportuara m\u00eb par\u00eb me vende t\u00eb [&hellip;]<\/p>\n","protected":false},"author":2031,"featured_media":197543,"comment_status":"closed","ping_status":"closed","sticky":false,"template":"","format":"standard","meta":{"footnotes":""},"categories":[231],"tags":[],"class_list":{"0":"post-197542","1":"post","2":"type-post","3":"status-publish","4":"format-standard","5":"has-post-thumbnail","7":"category-lajme"},"_links":{"self":[{"href":"https:\/\/zjarr.tv\/sq\/wp-json\/wp\/v2\/posts\/197542","targetHints":{"allow":["GET"]}}],"collection":[{"href":"https:\/\/zjarr.tv\/sq\/wp-json\/wp\/v2\/posts"}],"about":[{"href":"https:\/\/zjarr.tv\/sq\/wp-json\/wp\/v2\/types\/post"}],"author":[{"embeddable":true,"href":"https:\/\/zjarr.tv\/sq\/wp-json\/wp\/v2\/users\/2031"}],"replies":[{"embeddable":true,"href":"https:\/\/zjarr.tv\/sq\/wp-json\/wp\/v2\/comments?post=197542"}],"version-history":[{"count":0,"href":"https:\/\/zjarr.tv\/sq\/wp-json\/wp\/v2\/posts\/197542\/revisions"}],"wp:featuredmedia":[{"embeddable":true,"href":"https:\/\/zjarr.tv\/sq\/wp-json\/wp\/v2\/media\/197543"}],"wp:attachment":[{"href":"https:\/\/zjarr.tv\/sq\/wp-json\/wp\/v2\/media?parent=197542"}],"wp:term":[{"taxonomy":"category","embeddable":true,"href":"https:\/\/zjarr.tv\/sq\/wp-json\/wp\/v2\/categories?post=197542"},{"taxonomy":"post_tag","embeddable":true,"href":"https:\/\/zjarr.tv\/sq\/wp-json\/wp\/v2\/tags?post=197542"}],"curies":[{"name":"wp","href":"https:\/\/api.w.org\/{rel}","templated":true}]}}